{"id":8466,"date":"2015-12-31T12:44:42","date_gmt":"2015-12-31T10:44:42","guid":{"rendered":"http:\/\/www.atomcomics.net\/?p=8466"},"modified":"2016-03-22T18:22:08","modified_gmt":"2016-03-22T16:22:08","slug":"feliz-2016-y-repaso-de-lecturas-de-2015","status":"publish","type":"post","link":"https:\/\/www.atomcomics.net\/blog\/2015\/12\/31\/feliz-2016-y-repaso-de-lecturas-de-2015\/","title":{"rendered":"Feliz 2016 y repaso de lecturas de 2015"},"content":{"rendered":"<p>\u00daltimo d\u00eda del a\u00f1o, os deseamos a todos un FELIZ 2016 lleno de lecturas y buenos momentos.<\/p>\n<p>Pero antes de irnos, no pod\u00edamos ser menos que muchos cr\u00edticos, criticones y revistas de alto nivel, y aqu\u00ed va un\u00a0listado de lecturas de 2015 que han gustado especialmente al librero:<\/p>\n<ul>\n<li><a href=\"http:\/\/www.comicalia.com\/bd-nueva-ola\/19096-rituales-comic-9788416251322.html\">RITUALES (COMIC) de\u00a0\u00c1lvaro Ortiz (Editorial: Astiberri)<\/a><\/li>\n<\/ul>\n<p><img data-recalc-dims=\"1\" loading=\"lazy\" decoding=\"async\" class=\"aligncenter\" src=\"https:\/\/i0.wp.com\/www.comicalia.com\/20062-large\/rituales-comic.jpg?resize=300%2C300\" alt=\"\" width=\"300\" height=\"300\" \/><\/p>\n<ul>\n<li><a href=\"http:\/\/www.comicalia.com\/bd-nueva-ola\/19349-la-casa-paco-roca-9788416251001.html\">LA CASA (PACO ROCA) de\u00a0Paco Roca (Editorial: Astiberri)<\/a><\/li>\n<\/ul>\n<p><img data-recalc-dims=\"1\" loading=\"lazy\" decoding=\"async\" class=\"aligncenter\" src=\"https:\/\/i0.wp.com\/www.comicalia.com\/20334-large\/la-casa-paco-roca.jpg?resize=300%2C300\" alt=\"\" width=\"300\" height=\"300\" \/><\/p>\n<ul>\n<li><a href=\"http:\/\/www.comicalia.com\/bd-nueva-ola\/17995-un-oceano-de-amor-9788416195374.html\">UN OCEANO DE AMOR de\u00a0Wilfrid Lupano y Gregory Panaccione (Editorial: Random House Mondadori)<\/a><\/li>\n<\/ul>\n<p><img data-recalc-dims=\"1\" loading=\"lazy\" decoding=\"async\" class=\"aligncenter\" src=\"https:\/\/i0.wp.com\/www.comicalia.com\/18917-large\/un-oceano-de-amor.jpg?resize=300%2C300\" alt=\"\" width=\"300\" height=\"300\" \/><\/p>\n<ul>\n<li><a href=\"http:\/\/www.comicalia.com\/comic-de-autor\/18813-aqui-9788416131167.html\">AQU\u00cd de\u00a0Richard McGuire (Editorial: Salamandra)<\/a><\/li>\n<\/ul>\n<p><img data-recalc-dims=\"1\" loading=\"lazy\" decoding=\"async\" class=\"aligncenter\" src=\"https:\/\/i0.wp.com\/www.comicalia.com\/19762-large\/aqui.jpg?resize=300%2C300\" alt=\"\" width=\"300\" height=\"300\" \/><\/p>\n<ul>\n<li><a href=\"http:\/\/www.sddistribuciones.com\/secciones\/COMICS\/MS_-MARVEL-01_-FUERA-DE-LO-NORMAL_MEXSHMMA220.html\">MS. MARVEL 01. FUERA DE LO NORMAL de: G. Willow Wilson Adrian Alphona, Jacob Wyatt (Editorial: Panini)<\/a><\/li>\n<\/ul>\n<p><img data-recalc-dims=\"1\" loading=\"lazy\" decoding=\"async\" class=\"aligncenter\" src=\"https:\/\/i0.wp.com\/www.comicalia.com\/18093-large\/ms-marvel-01-fuera-de-lo-normal.jpg?resize=300%2C300\" alt=\"\" width=\"300\" height=\"300\" \/><\/p>\n<ul>\n<li><a href=\"http:\/\/www.comicalia.com\/superheroes-dc\/17801-batgirl-la-chica-murcielago-de-burnside-9788416475582.html\">BATGIRL: La chica murci\u00e9lago de Burnside de: Cameron Stewart, Brenden Fletcher, Babs Tarr (Editorial: ECC)<\/a><\/li>\n<\/ul>\n<p><img data-recalc-dims=\"1\" loading=\"lazy\" decoding=\"async\" class=\"aligncenter\" src=\"https:\/\/i0.wp.com\/www.comicalia.com\/18708-large\/batgirl-la-chica-murcielago-de-burnside.jpg?resize=300%2C300\" alt=\"\" width=\"300\" height=\"300\" \/><\/p>\n<ul>\n<li><a href=\"http:\/\/www.comicalia.com\/manga-seinen\/18640-buenas-noches-punpun-1-9788467920574.html\">BUENAS NOCHES, PUNPUN 1 de\u00a0Inio Asano (Editorial: Norma)<\/a><\/li>\n<\/ul>\n<p><img data-recalc-dims=\"1\" loading=\"lazy\" decoding=\"async\" class=\"aligncenter\" src=\"https:\/\/i0.wp.com\/www.comicalia.com\/19536-large\/buenas-noches-punpun-1.jpg?resize=300%2C300\" alt=\"\" width=\"300\" height=\"300\" \/><\/p>\n<ul>\n<li><a href=\"http:\/\/www.comicalia.com\/bd-aventura\/16613-casacas-azules-9788415932949.html\">CASACAS AZULES de: Raoul CauvinWilly Lambil (Editorial: Dolmen)<\/a><\/li>\n<\/ul>\n<p><img data-recalc-dims=\"1\" loading=\"lazy\" decoding=\"async\" class=\"aligncenter\" src=\"https:\/\/i0.wp.com\/www.comicalia.com\/17434-large\/casacas-azules.jpg?resize=300%2C300\" alt=\"\" width=\"300\" height=\"300\" \/><\/p>\n<ul>\n<li><a href=\"http:\/\/www.comicalia.com\/bd-nueva-ola\/18730-vil-y-miserable-9788416400089.html\">VIL Y MISERABLE de: Samuel Cantin (Editorial: La C\u00fapula)<\/a><\/li>\n<\/ul>\n<p><img data-recalc-dims=\"1\" loading=\"lazy\" decoding=\"async\" class=\"aligncenter\" src=\"https:\/\/i0.wp.com\/www.comicalia.com\/19646-large\/vil-y-miserable.jpg?resize=300%2C300\" alt=\"\" width=\"300\" height=\"300\" \/><\/p>\n<ul>\n<li><a href=\"http:\/\/www.comicalia.com\/bd-aventura\/15626-la-ultima-aventura-9788415850618.html\">LA ULTIMA AVENTURA de\u00a0Josep Busquet y Javi De Castro\u00a0\u00a0(Editorial: Dibbuks)<\/a><\/li>\n<\/ul>\n<p><img data-recalc-dims=\"1\" loading=\"lazy\" decoding=\"async\" class=\"aligncenter\" src=\"https:\/\/i0.wp.com\/www.comicalia.com\/16277-large\/la-ultima-aventura.jpg?resize=300%2C300\" alt=\"\" width=\"300\" height=\"300\" \/><\/p>\n<p>Y podr\u00edan ser muchas m\u00e1s&#8230;<\/p>\n<p>Ahora s\u00ed:<\/p>\n<h3 style=\"text-align: center;\">\u00a1\u00a1FELIZ 2016!!<\/h3>\n<p style=\"text-align: center;\"><a href=\"http:\/\/www.atomcomics.net\/2015\/12\/31\/feliz-2016-y-repaso-de-lecturas-de-2015\/tumblr_mfwpsrbxd61qlva78o1_1280\/\" rel=\"attachment wp-att-8468\"><img data-recalc-dims=\"1\" loading=\"lazy\" decoding=\"async\" data-attachment-id=\"8468\" data-permalink=\"https:\/\/www.atomcomics.net\/blog\/2015\/12\/31\/feliz-2016-y-repaso-de-lecturas-de-2015\/tumblr_mfwpsrbxd61qlva78o1_1280\/\" data-orig-file=\"https:\/\/i0.wp.com\/www.atomcomics.net\/blog\/wp-content\/uploads\/tumblr_mfwpsrbXd61qlva78o1_1280.jpg?fit=1024%2C1592&amp;ssl=1\" data-orig-size=\"1024,1592\" data-comments-opened=\"0\" data-image-meta=\"{&quot;aperture&quot;:&quot;0&quot;,&quot;credit&quot;:&quot;&quot;,&quot;camera&quot;:&quot;&quot;,&quot;caption&quot;:&quot;&quot;,&quot;created_timestamp&quot;:&quot;0&quot;,&quot;copyright&quot;:&quot;&quot;,&quot;focal_length&quot;:&quot;0&quot;,&quot;iso&quot;:&quot;0&quot;,&quot;shutter_speed&quot;:&quot;0&quot;,&quot;title&quot;:&quot;&quot;,&quot;orientation&quot;:&quot;0&quot;}\" data-image-title=\"tumblr_mfwpsrbXd61qlva78o1_1280\" data-image-description=\"\" data-image-caption=\"\" data-medium-file=\"https:\/\/i0.wp.com\/www.atomcomics.net\/blog\/wp-content\/uploads\/tumblr_mfwpsrbXd61qlva78o1_1280.jpg?fit=744%2C1157&amp;ssl=1\" data-large-file=\"https:\/\/i0.wp.com\/www.atomcomics.net\/blog\/wp-content\/uploads\/tumblr_mfwpsrbXd61qlva78o1_1280.jpg?fit=1024%2C1592&amp;ssl=1\" class=\"aligncenter size-medium wp-image-8468\" src=\"https:\/\/i0.wp.com\/www.atomcomics.net\/wp-content\/uploads\/tumblr_mfwpsrbXd61qlva78o1_1280-744x1157.jpg?resize=744%2C1157\" alt=\"tumblr_mfwpsrbXd61qlva78o1_1280\" width=\"744\" height=\"1157\" srcset=\"https:\/\/i0.wp.com\/www.atomcomics.net\/blog\/wp-content\/uploads\/tumblr_mfwpsrbXd61qlva78o1_1280.jpg?resize=744%2C1157&amp;ssl=1 744w, https:\/\/i0.wp.com\/www.atomcomics.net\/blog\/wp-content\/uploads\/tumblr_mfwpsrbXd61qlva78o1_1280.jpg?resize=420%2C653&amp;ssl=1 420w, https:\/\/i0.wp.com\/www.atomcomics.net\/blog\/wp-content\/uploads\/tumblr_mfwpsrbXd61qlva78o1_1280.jpg?resize=768%2C1194&amp;ssl=1 768w, https:\/\/i0.wp.com\/www.atomcomics.net\/blog\/wp-content\/uploads\/tumblr_mfwpsrbXd61qlva78o1_1280.jpg?w=1024&amp;ssl=1 1024w\" sizes=\"auto, (max-width: 744px) 100vw, 744px\" \/><\/a><\/p>\n","protected":false},"excerpt":{"rendered":"<p>\u00daltimo d\u00eda del a\u00f1o, os deseamos a todos un FELIZ 2016 lleno de lecturas y buenos momentos. Pero antes de irnos, no pod\u00edamos ser menos que muchos cr\u00edticos, criticones y revistas de alto nivel, y&hellip; <a class=\"read-more-link\" href=\"https:\/\/www.atomcomics.net\/blog\/2015\/12\/31\/feliz-2016-y-repaso-de-lecturas-de-2015\/\">(seguir leyendo)<\/a><\/p>\n","protected":false},"author":1,"featured_media":9921,"comment_status":"closed","ping_status":"open","sticky":false,"template":"","format":"standard","meta":{"jetpack_post_was_ever_published":false,"_jetpack_newsletter_access":"","_jetpack_dont_email_post_to_subs":false,"_jetpack_newsletter_tier_id":0,"_jetpack_memberships_contains_paywalled_content":false,"_jetpack_memberships_contains_paid_content":false,"footnotes":"","jetpack_publicize_message":"Feliz 2016 y repaso de lecturas de 2015","jetpack_publicize_feature_enabled":true,"jetpack_social_post_already_shared":true,"jetpack_social_options":{"image_generator_settings":{"template":"highway","default_image_id":0,"font":"","enabled":false},"version":2}},"categories":[285,1],"tags":[],"class_list":["post-8466","post","type-post","status-publish","format-standard","has-post-thumbnail","hentry","category-aca","category-uncategorized"],"jetpack_publicize_connections":[],"jetpack_featured_media_url":"https:\/\/i0.wp.com\/www.atomcomics.net\/blog\/wp-content\/uploads\/logonegro.png?fit=473%2C191&ssl=1","jetpack_shortlink":"https:\/\/wp.me\/p53Ua-2cy","jetpack-related-posts":[{"id":3896,"url":"https:\/\/www.atomcomics.net\/blog\/2012\/03\/12\/nominados-salon-de-comic-de-barcelona\/","url_meta":{"origin":8466,"position":0},"title":"Nominados Sal\u00f3n de C\u00f3mic de Barcelona","author":"ATOM COMICS","date":"12, marzo, 2012","format":false,"excerpt":"FICOMIC nos informa... En la primera fase de las votaciones, los profesionales del sector de la historieta han escogido a los nominados a las categor\u00edas de Mejor Obra de Autor Espa\u00f1ol 2011, Mejor Obra de Autor Extranjero y Mejor Fanzine. \u00c9sta es la lista de los nominados: NOMINADOS MEJOR OBRA\u2026","rel":"","context":"En \u00abNoticias\u00bb","block_context":{"text":"Noticias","link":"https:\/\/www.atomcomics.net\/blog\/category\/noticias\/"},"img":{"alt_text":"","src":"","width":0,"height":0},"classes":[]},{"id":12984,"url":"https:\/\/www.atomcomics.net\/blog\/2020\/12\/09\/paco-roca-ha-vuelto-y-monteys-y-fante-bukowski\/","url_meta":{"origin":8466,"position":1},"title":"\u00a1\u00a1Paco Roca ha vuelto y Monteys y Fante Bukowski!!","author":"ATOM COMICS","date":"9, diciembre, 2020","format":false,"excerpt":"https:\/\/youtu.be\/DfEt46OpIUk Tres nuevos t\u00edtulos que son crema buena: Matadero Cinco \"Albert Monteys pone en im\u00e1genes \"Matadero Cinco\", de Kurt Vonnegut\" Regreso al Ed\u00e9n \"Paco Roca vuelve a indagar en la memoria a partir de una foto familiar de 1946 para firmar su obra m\u00e1s ambiciosa como creador completo desde \"La\u2026","rel":"","context":"En \u00abLecturas recomendadas\u00bb","block_context":{"text":"Lecturas recomendadas","link":"https:\/\/www.atomcomics.net\/blog\/category\/aca\/"},"img":{"alt_text":"","src":"https:\/\/i0.wp.com\/www.atomcomics.net\/blog\/wp-content\/uploads\/ebcf2181-1ca2-4dd6-8b66-d9432463fb35.jpg?fit=777%2C390&ssl=1&resize=350%2C200","width":350,"height":200,"srcset":"https:\/\/i0.wp.com\/www.atomcomics.net\/blog\/wp-content\/uploads\/ebcf2181-1ca2-4dd6-8b66-d9432463fb35.jpg?fit=777%2C390&ssl=1&resize=350%2C200 1x, https:\/\/i0.wp.com\/www.atomcomics.net\/blog\/wp-content\/uploads\/ebcf2181-1ca2-4dd6-8b66-d9432463fb35.jpg?fit=777%2C390&ssl=1&resize=525%2C300 1.5x, https:\/\/i0.wp.com\/www.atomcomics.net\/blog\/wp-content\/uploads\/ebcf2181-1ca2-4dd6-8b66-d9432463fb35.jpg?fit=777%2C390&ssl=1&resize=700%2C400 2x"},"classes":[]},{"id":8751,"url":"https:\/\/www.atomcomics.net\/blog\/2016\/04\/27\/novedad-conversaciones-y-lecturas\/","url_meta":{"origin":8466,"position":2},"title":"Novedad: Conversaciones y lecturas","author":"ATOM COMICS","date":"27, abril, 2016","format":false,"excerpt":"CONFLUENCIAS CONVERSACIONES CON GEORGE LUCAS\u00a012,00 \u20ac SEXTO PISO LA PRINCESA DEL SOL\u00a018,00 \u20ac HIDRA PESADILLAS 16- UNAS FOTOS DE MUERTE9,95 \u20ac PESADILLAS 15- SANGRE DE MONSTRUO\u00a09,95 \u20ac N\u00d3RDICA LA TERNURA DE LAS PIEDRAS\u00a025,00 \u20ac PAMIES UNA COSTA LEJANA\u00a019,95 \u20ac LIBROS DEL ASTEROIDE MUERTE DE UN HOMBRE FELIZ\u00a019,95 \u20ac PONENT MON\u2026","rel":"","context":"En \u00abNovedades\u00bb","block_context":{"text":"Novedades","link":"https:\/\/www.atomcomics.net\/blog\/category\/novedades\/"},"img":{"alt_text":"CONVERSACIONES CON GEORGE LUCAS ","src":"https:\/\/i0.wp.com\/www.comicalia.com\/22174-large\/conversaciones-con-george-lucas-.jpg?resize=350%2C200","width":350,"height":200},"classes":[]},{"id":8626,"url":"https:\/\/www.atomcomics.net\/blog\/2016\/03\/09\/la-casa-de-paco-roca-premio-zona-comic-2015\/","url_meta":{"origin":8466,"position":3},"title":"\u2018La casa\u2019 de Paco Roca, Premio Zona C\u00f3mic 2015","author":"ATOM COMICS","date":"9, marzo, 2016","format":false,"excerpt":"Las librer\u00edas especializadas que integran ZONA C\u00d3MIC han elegido la obra \u2018La casa\u2019 de Paco Roca, editada por Astiberri, como el mejor c\u00f3mic nacional publicado durante 2015. \u2018La casa\u2018 ha sido elegida en un proceso en el que han quedado finalistas Corto Malt\u00e9s: \u2018Bajo el sol de medianoche\u2019 de Juan\u2026","rel":"","context":"Entrada similar","block_context":{"text":"Entrada similar","link":""},"img":{"alt_text":"","src":"https:\/\/i0.wp.com\/www.comicalia.com\/20334-large\/la-casa-paco-roca.jpg?resize=350%2C200","width":350,"height":200},"classes":[]},{"id":8022,"url":"https:\/\/www.atomcomics.net\/blog\/2015\/07\/14\/novedad-nuevos-mangas-nuevas-lecturas\/","url_meta":{"origin":8466,"position":4},"title":"Novedad: Nuevos mangas, nuevas lecturas","author":"ATOM COMICS","date":"14, julio, 2015","format":false,"excerpt":"GALLO NERO El Giro de Italia\u00a017,00 \u20ac TOMODOMO SHONEN NOTE, VOL.1\u00a08,00 \u20ac ORANGE, VOL.2\u00a08,00 \u20ac EDITORIAL NORAY EL VAPOR REINA DE CASTILLA2 8,50 \u20ac ALREV\u00c9S LA FIESTA\u00a09,95 \u20ac CONTRA LAS CUERDAS\u00a08,95 \u20ac UN BUEN INVIERNO PARA GARRAPATA\u00a07,95 \u20ac RUIDO DE CA\u00d1ER\u00cdAS8,95 \u20ac LA PAZ DE LOS SEPULCROS8,95 \u20ac UN BUEN\u2026","rel":"","context":"En \u00abNovedades\u00bb","block_context":{"text":"Novedades","link":"https:\/\/www.atomcomics.net\/blog\/category\/novedades\/"},"img":{"alt_text":"El Giro de Italia","src":"https:\/\/i0.wp.com\/www.comicalia.com\/18477-large\/el-giro-de-italia.jpg?resize=350%2C200","width":350,"height":200},"classes":[]},{"id":9909,"url":"https:\/\/www.atomcomics.net\/blog\/2017\/08\/17\/zona-comic-recomienda-en-agosto\/","url_meta":{"origin":8466,"position":5},"title":"Zona C\u00f3mic recomienda en Agosto","author":"ATOM COMICS","date":"17, agosto, 2017","format":false,"excerpt":"Seis exsuperh\u00e9roes llevan una d\u00e9cada atrapados en una misteriosa granja de la que no pueden escapar. En su momento, salvaron a Spiral City de la destrucci\u00f3n, pero...","rel":"","context":"En \u00abLecturas recomendadas\u00bb","block_context":{"text":"Lecturas recomendadas","link":"https:\/\/www.atomcomics.net\/blog\/category\/aca\/"},"img":{"alt_text":"","src":"https:\/\/i0.wp.com\/www.atomcomics.net\/blog\/wp-content\/uploads\/poster-zona-comic-agosto-1.jpg?fit=849%2C1200&ssl=1&resize=350%2C200","width":350,"height":200,"srcset":"https:\/\/i0.wp.com\/www.atomcomics.net\/blog\/wp-content\/uploads\/poster-zona-comic-agosto-1.jpg?fit=849%2C1200&ssl=1&resize=350%2C200 1x, https:\/\/i0.wp.com\/www.atomcomics.net\/blog\/wp-content\/uploads\/poster-zona-comic-agosto-1.jpg?fit=849%2C1200&ssl=1&resize=525%2C300 1.5x, https:\/\/i0.wp.com\/www.atomcomics.net\/blog\/wp-content\/uploads\/poster-zona-comic-agosto-1.jpg?fit=849%2C1200&ssl=1&resize=700%2C400 2x"},"classes":[]}],"jetpack_sharing_enabled":true,"_links":{"self":[{"href":"https:\/\/www.atomcomics.net\/blog\/wp-json\/wp\/v2\/posts\/8466","targetHints":{"allow":["GET"]}}],"collection":[{"href":"https:\/\/www.atomcomics.net\/blog\/wp-json\/wp\/v2\/posts"}],"about":[{"href":"https:\/\/www.atomcomics.net\/blog\/wp-json\/wp\/v2\/types\/post"}],"author":[{"embeddable":true,"href":"https:\/\/www.atomcomics.net\/blog\/wp-json\/wp\/v2\/users\/1"}],"replies":[{"embeddable":true,"href":"https:\/\/www.atomcomics.net\/blog\/wp-json\/wp\/v2\/comments?post=8466"}],"version-history":[{"count":3,"href":"https:\/\/www.atomcomics.net\/blog\/wp-json\/wp\/v2\/posts\/8466\/revisions"}],"predecessor-version":[{"id":8470,"href":"https:\/\/www.atomcomics.net\/blog\/wp-json\/wp\/v2\/posts\/8466\/revisions\/8470"}],"wp:featuredmedia":[{"embeddable":true,"href":"https:\/\/www.atomcomics.net\/blog\/wp-json\/wp\/v2\/media\/9921"}],"wp:attachment":[{"href":"https:\/\/www.atomcomics.net\/blog\/wp-json\/wp\/v2\/media?parent=8466"}],"wp:term":[{"taxonomy":"category","embeddable":true,"href":"https:\/\/www.atomcomics.net\/blog\/wp-json\/wp\/v2\/categories?post=8466"},{"taxonomy":"post_tag","embeddable":true,"href":"https:\/\/www.atomcomics.net\/blog\/wp-json\/wp\/v2\/tags?post=8466"}],"curies":[{"name":"wp","href":"https:\/\/api.w.org\/{rel}","templated":true}]}}