{"id":8628,"date":"2016-04-14T18:29:03","date_gmt":"2016-04-14T16:29:03","guid":{"rendered":"http:\/\/www.atomcomics.net\/?p=8628"},"modified":"2016-04-14T18:29:03","modified_gmt":"2016-04-14T16:29:03","slug":"recomendamos-el-arabe-del-futuro","status":"publish","type":"post","link":"https:\/\/www.atomcomics.net\/blog\/2016\/04\/14\/recomendamos-el-arabe-del-futuro\/","title":{"rendered":"Recomendamos: El \u00e1rabe del futuro"},"content":{"rendered":"<p><em><span style=\"text-decoration: underline;\"><strong><a href=\"http:\/\/www.comicalia.com\/bd-nueva-ola\/16203-el-arabe-del-futuro-9788416131129.html\">El \u00e1rabe del futuro<\/a>\u00a0<a href=\"http:\/\/www.comicalia.com\/bd-nueva-ola\/16203-el-arabe-del-futuro-9788416131129.html\">1<\/a> y <a href=\"http:\/\/www.comicalia.com\/bd-nueva-ola\/20435-el-arabe-del-futuro-2-9788416131235.html\">2<\/a><\/strong><\/span><\/em> de <a href=\"http:\/\/www.comicalia.com\/modules\/authors\/author.php?id=2664\">Riad Sattouf<\/a>.<\/p>\n<p>Edita <a href=\"http:\/\/www.comicalia.com\/95_salamandra\">Salamandra Graphic <\/a>por 19\u20ac cada volumen<\/p>\n<hr \/>\n<p><a href=\"http:\/\/www.comicalia.com\/bd-nueva-ola\/16203-el-arabe-del-futuro-9788416131129.html\"><img data-recalc-dims=\"1\" loading=\"lazy\" decoding=\"async\" class=\"alignright\" src=\"https:\/\/i0.wp.com\/www.comicalia.com\/16984-large\/el-arabe-del-futuro.jpg?resize=300%2C300\" alt=\"\" width=\"300\" height=\"300\" \/><\/a>Riad Sattouf es un observador . En <strong><em>El \u00e1rabe del futuro<\/em><\/strong> nos expone su infancia, vista con\u00a0ojos de ni\u00f1o pero filtrada con el sentido de humor de un adulto.<\/p>\n<p>Antiguo colaborador de\u00a0<em>Charlie Hebdo,<\/em>\u00a0 donde public\u00f3 la <em><strong>Vida\u00a0 secreta de los j\u00f3venes<\/strong>\u00a0<\/em>(La C\u00fapula), un repertorio de conversaciones\u00a0de j\u00f3venes de hoy en d\u00eda mostradas sin tapujo en situaciones que encontraba por\u00a0la calle. \u00a0El resultado: Humor sat\u00edrico.\u00a0Asimismo,\u00a0luci\u00f3 el mismo\u00a0humor gamberro en\u00a0la serie<strong><em> Pascal Brutal <\/em><\/strong>(Norma), donde presentaba a un h\u00e9roe s\u00faper-macho, el m\u00e1s viril del barrio. Caricaturizando\u00a0as\u00ed al\u00a0prototipo de \u00abhombre dominante\u00bb que uno puede encontrarse en barrios perif\u00e9ricos de una gran urbe europea.<\/p>\n<p><a href=\"http:\/\/www.comicalia.com\/bd-nueva-ola\/20435-el-arabe-del-futuro-2-9788416131235.html\"><img data-recalc-dims=\"1\" loading=\"lazy\" decoding=\"async\" class=\"alignright\" src=\"https:\/\/i0.wp.com\/www.comicalia.com\/21548-large\/el-arabe-del-futuro-2.jpg?resize=300%2C300\" alt=\"\" width=\"300\" height=\"300\" \/><\/a>Hijo de madre francesa y padre sirio, \u00a0los diferentes\u00a0trabajos su progenitor\u00a0le hicieron\u00a0pasar su infancia en Argelia, Libia y Siria.<\/p>\n<p>Riad Sattouf realiza una autobiograf\u00eda llena de nostalgia pero no exenta de cr\u00edtica hacia su padre y sus decisiones, su excesivamente\u00a0pasiva madre, o el socialismo panar\u00e1bico. \u00a0No se salvan\u00a0los ni\u00f1os \u00e1rabes, vistos en su mayor\u00eda como descerebrados carentes de cualquier empat\u00eda. Los adultos no son\u00a0mucho mejor. Sobre las grandes ideas de los dirigentes pol\u00edticos mejor no hablar, o quiz\u00e1s merece la pena hablar y mucho. A\u00f1ade adem\u00e1s unas precarias\u00a0situaciones de higiene y educaci\u00f3n comparadas con el est\u00e1ndar franc\u00e9s y tenemos un un c\u00f3ctel explosivo.<\/p>\n<p>El\u00a0dibujo resulta\u00a0caricaturesco pero muy trabajado, haciendo\u00a0f\u00e1cil trasladar situaciones que podemos llegar a considerar grotescas, pero que son resueltas desde el humor.<\/p>\n<p>En definitiva, un c\u00f3mic de f\u00e1cil lectura\u00a0pero que nos proporciona una visi\u00f3n singular y muy interesante del\u00a0Oriente Medio de principios de los a\u00f1os ochenta.\u00a0Una obra que es mucho m\u00e1s que una serie de humor. Donde la cr\u00edtica, la s\u00e1tira y el realismo se entremezclan de manera excelente.<\/p>\n","protected":false},"excerpt":{"rendered":"<p>El \u00e1rabe del futuro\u00a01 y 2 de Riad Sattouf. Edita Salamandra Graphic por 19\u20ac cada volumen Riad Sattouf es un observador . En El \u00e1rabe del futuro nos expone su infancia, vista con\u00a0ojos de ni\u00f1o&hellip; <a class=\"read-more-link\" href=\"https:\/\/www.atomcomics.net\/blog\/2016\/04\/14\/recomendamos-el-arabe-del-futuro\/\">(seguir leyendo)<\/a><\/p>\n","protected":false},"author":1,"featured_media":9921,"comment_status":"closed","ping_status":"open","sticky":false,"template":"","format":"standard","meta":{"jetpack_post_was_ever_published":false,"_jetpack_newsletter_access":"","_jetpack_dont_email_post_to_subs":false,"_jetpack_newsletter_tier_id":0,"_jetpack_memberships_contains_paywalled_content":false,"_jetpack_memberships_contains_paid_content":false,"footnotes":"","jetpack_publicize_message":"","jetpack_publicize_feature_enabled":true,"jetpack_social_post_already_shared":true,"jetpack_social_options":{"image_generator_settings":{"template":"highway","default_image_id":0,"font":"","enabled":false},"version":2}},"categories":[285],"tags":[],"class_list":["post-8628","post","type-post","status-publish","format-standard","has-post-thumbnail","hentry","category-aca"],"jetpack_publicize_connections":[],"jetpack_featured_media_url":"https:\/\/i0.wp.com\/www.atomcomics.net\/blog\/wp-content\/uploads\/logonegro.png?fit=473%2C191&ssl=1","jetpack_shortlink":"https:\/\/wp.me\/p53Ua-2fa","jetpack-related-posts":[{"id":10303,"url":"https:\/\/www.atomcomics.net\/blog\/2017\/10\/18\/arabe-del-futuro-3-y-asterix-en-italia\/","url_meta":{"origin":8628,"position":0},"title":"\u00c1rabe del futuro 3 y Ast\u00e9rix en Italia","author":"ATOM COMICS","date":"18, octubre, 2017","format":false,"excerpt":"SALAMANDRA El \u00e1rabe del futuro III: Una juventud en... Este libro cuenta la historia real\u00a0de un ni\u00f1o rubio y de su familia\u00a0en la Siria de Hafez el Asad 19,00 \u20ac SALVAT Ast\u00e9rix en Italia (Tomo 37) 9,95 \u20ac","rel":"","context":"En \u00abNovedades\u00bb","block_context":{"text":"Novedades","link":"https:\/\/www.atomcomics.net\/blog\/category\/novedades\/"},"img":{"alt_text":"","src":"https:\/\/i0.wp.com\/www.atomcomics.net\/blog\/wp-content\/uploads\/453172-944-635-e1508324666327.jpg?fit=800%2C450&ssl=1&resize=350%2C200","width":350,"height":200,"srcset":"https:\/\/i0.wp.com\/www.atomcomics.net\/blog\/wp-content\/uploads\/453172-944-635-e1508324666327.jpg?fit=800%2C450&ssl=1&resize=350%2C200 1x, https:\/\/i0.wp.com\/www.atomcomics.net\/blog\/wp-content\/uploads\/453172-944-635-e1508324666327.jpg?fit=800%2C450&ssl=1&resize=525%2C300 1.5x, https:\/\/i0.wp.com\/www.atomcomics.net\/blog\/wp-content\/uploads\/453172-944-635-e1508324666327.jpg?fit=800%2C450&ssl=1&resize=700%2C400 2x"},"classes":[]},{"id":13433,"url":"https:\/\/www.atomcomics.net\/blog\/2021\/07\/09\/ciencia-para-los-pequenos-bares-de-buen-rollo-y-un-antiheroe-como-nosotros-mismos\/","url_meta":{"origin":8628,"position":1},"title":"Ciencia para los peque\u00f1os, bares de buen rollo y un antih\u00e9roe como nosotros mismos","author":"ATOM COMICS","date":"9, julio, 2021","format":false,"excerpt":"https:\/\/youtu.be\/SchqnBc_nyA Tres nuevas recomendaciones comiqueras, elegid la vuestra: C\u00d3MICS DE CIENCIA. GATOS. LO HEREDADO Y LO ADQUIRIDO\u00a0 \u00a1Afila tus conocimientos gatunos! \u00bfPor qu\u00e9 los gatos ronronean? \u00bfQu\u00e9 diferencia a un le\u00f3n de un minino? Todos los felinos est\u00e1n armados con dientes, garras, y camuflaje para sobrevivir en cualquier parte, desde\u2026","rel":"","context":"En \u00abLecturas recomendadas\u00bb","block_context":{"text":"Lecturas recomendadas","link":"https:\/\/www.atomcomics.net\/blog\/category\/aca\/"},"img":{"alt_text":"","src":"https:\/\/i0.wp.com\/www.atomcomics.net\/blog\/wp-content\/uploads\/WhatsApp-Image-2021-07-08-at-17.17.30.jpeg?fit=1200%2C675&ssl=1&resize=350%2C200","width":350,"height":200,"srcset":"https:\/\/i0.wp.com\/www.atomcomics.net\/blog\/wp-content\/uploads\/WhatsApp-Image-2021-07-08-at-17.17.30.jpeg?fit=1200%2C675&ssl=1&resize=350%2C200 1x, https:\/\/i0.wp.com\/www.atomcomics.net\/blog\/wp-content\/uploads\/WhatsApp-Image-2021-07-08-at-17.17.30.jpeg?fit=1200%2C675&ssl=1&resize=525%2C300 1.5x, https:\/\/i0.wp.com\/www.atomcomics.net\/blog\/wp-content\/uploads\/WhatsApp-Image-2021-07-08-at-17.17.30.jpeg?fit=1200%2C675&ssl=1&resize=700%2C400 2x, https:\/\/i0.wp.com\/www.atomcomics.net\/blog\/wp-content\/uploads\/WhatsApp-Image-2021-07-08-at-17.17.30.jpeg?fit=1200%2C675&ssl=1&resize=1050%2C600 3x"},"classes":[]},{"id":9862,"url":"https:\/\/www.atomcomics.net\/blog\/2017\/07\/27\/esenciales-acdcomic-primer-semestre-2017\/","url_meta":{"origin":8628,"position":2},"title":"Esenciales ACDC\u00f3mic primer semestre 2017","author":"ATOM COMICS","date":"27, julio, 2017","format":false,"excerpt":"La Asociaci\u00f3n de Cr\u00edticos y Divulgadores de C\u00f3mic elige los \u00a0\u201cesenciales\u201d del primer semestre de 2017 La selecci\u00f3n de ACDC\u00f3mic para los primeros meses del a\u00f1o centra su mirada en grandes t\u00edtulos de autores europeos y espa\u00f1oles. Con esta selecci\u00f3n la asociaci\u00f3n quiere proporcionar una \u2018gu\u00eda de lectura\u2019 que sirva\u2026","rel":"","context":"En \u00abNoticias\u00bb","block_context":{"text":"Noticias","link":"https:\/\/www.atomcomics.net\/blog\/category\/noticias\/"},"img":{"alt_text":"","src":"https:\/\/i0.wp.com\/www.atomcomics.net\/blog\/wp-content\/uploads\/DFu6AKrXUAAF36Q.jpg?fit=825%2C1200&ssl=1&resize=350%2C200","width":350,"height":200,"srcset":"https:\/\/i0.wp.com\/www.atomcomics.net\/blog\/wp-content\/uploads\/DFu6AKrXUAAF36Q.jpg?fit=825%2C1200&ssl=1&resize=350%2C200 1x, https:\/\/i0.wp.com\/www.atomcomics.net\/blog\/wp-content\/uploads\/DFu6AKrXUAAF36Q.jpg?fit=825%2C1200&ssl=1&resize=525%2C300 1.5x, https:\/\/i0.wp.com\/www.atomcomics.net\/blog\/wp-content\/uploads\/DFu6AKrXUAAF36Q.jpg?fit=825%2C1200&ssl=1&resize=700%2C400 2x"},"classes":[]},{"id":7730,"url":"https:\/\/www.atomcomics.net\/blog\/2015\/03\/04\/novedad-un-aprende-a-dibujar-muy-chulo-y-mas\/","url_meta":{"origin":8628,"position":3},"title":"Novedad: Un aprende a dibujar muy chulo y m\u00e1s","author":"ATOM COMICS","date":"4, marzo, 2015","format":false,"excerpt":"SALAMANDRA El \u00e1rabe del futuro\u00a019,00 \u20ac DIBBUKS BIENVENIDOS A KRPKRUETT\u00a015,00 \u20ac ABDEL\u00a016,00 \u20ac EL NADIR EL MANGA DE LOS CUATRO INMIGRANTES\u00a017,00 \u20ac IMPEDIMENTA CARTEL \"LOS CHICOS LISTOS LEEN...6,95 \u20ac CARTEL \"LAS CHICAS LISTAS LEEN...6,95 \u20ac PALIDO FUEGO LA VUELTA AL MUNDO\u00a018,90 \u20ac SATORI SOBRE EL DRAG\u00d3N DEL ABISMO\u00a019,00 \u20ac PONENT\u2026","rel":"","context":"En \u00abNovedades\u00bb","block_context":{"text":"Novedades","link":"https:\/\/www.atomcomics.net\/blog\/category\/novedades\/"},"img":{"alt_text":"El \u00e1rabe del futuro","src":"https:\/\/i0.wp.com\/www.comicalia.com\/16984-large\/el-arabe-del-futuro.jpg?resize=350%2C200","width":350,"height":200},"classes":[]},{"id":8607,"url":"https:\/\/www.atomcomics.net\/blog\/2016\/03\/03\/novedad-finales-principios-y-continuaciones\/","url_meta":{"origin":8628,"position":4},"title":"Novedad: Finales, principios y continuaciones","author":"ATOM COMICS","date":"3, marzo, 2016","format":false,"excerpt":"SALAMANDRA El \u00e1rabe del futuro 2\u00a019,00 \u20ac DIBBUKS GRINGOS LOCOS\u00a016,00 \u20ac RANDOM HOUSE PERILLAN (DEBOLSILLO)8,95 \u20ac \u00bfVOSOTROS C\u00d3MO OS CONOCIST\u00c9IS?...12,95 \u20ac \u00bfEST\u00c1IS HACIENDO EL AMOR? (LAS...12,95 \u20ac YERMO CUTTING EDGE 02\u00a025,00 \u20ac AMBULANCIA 13 VOL. 3. EL ROSTRO...24,00 \u20ac KRAKEN EL PEQUE\u00d1O SPIROU 15. \u00a1PONTE RECTO!\u00a014,00 \u20ac IVREA TRINITY SEVEN\u2026","rel":"","context":"En \u00abNovedades\u00bb","block_context":{"text":"Novedades","link":"https:\/\/www.atomcomics.net\/blog\/category\/novedades\/"},"img":{"alt_text":"El \u00e1rabe del futuro 2","src":"https:\/\/i0.wp.com\/www.comicalia.com\/21548-large\/el-arabe-del-futuro-2.jpg?resize=350%2C200","width":350,"height":200},"classes":[]},{"id":12208,"url":"https:\/\/www.atomcomics.net\/blog\/2019\/11\/07\/jueves-el-boletin-que-sale-los-jueves\/","url_meta":{"origin":8628,"position":5},"title":"Jueves, el bolet\u00edn que sale los jueves","author":"ATOM COMICS","date":"7, noviembre, 2019","format":false,"excerpt":"Vol IV de El \u00c1rabe del Futuro + novedades de BD, americano... \u00a1Y pronto llega el vol3 de La Balada del Norte!","rel":"","context":"En \u00abNovedades\u00bb","block_context":{"text":"Novedades","link":"https:\/\/www.atomcomics.net\/blog\/category\/novedades\/"},"img":{"alt_text":"","src":"https:\/\/i0.wp.com\/www.atomcomics.net\/blog\/wp-content\/uploads\/978841613151.jpg?fit=429%2C242&ssl=1&resize=350%2C200","width":350,"height":200},"classes":[]}],"jetpack_sharing_enabled":true,"_links":{"self":[{"href":"https:\/\/www.atomcomics.net\/blog\/wp-json\/wp\/v2\/posts\/8628","targetHints":{"allow":["GET"]}}],"collection":[{"href":"https:\/\/www.atomcomics.net\/blog\/wp-json\/wp\/v2\/posts"}],"about":[{"href":"https:\/\/www.atomcomics.net\/blog\/wp-json\/wp\/v2\/types\/post"}],"author":[{"embeddable":true,"href":"https:\/\/www.atomcomics.net\/blog\/wp-json\/wp\/v2\/users\/1"}],"replies":[{"embeddable":true,"href":"https:\/\/www.atomcomics.net\/blog\/wp-json\/wp\/v2\/comments?post=8628"}],"version-history":[{"count":3,"href":"https:\/\/www.atomcomics.net\/blog\/wp-json\/wp\/v2\/posts\/8628\/revisions"}],"predecessor-version":[{"id":8728,"href":"https:\/\/www.atomcomics.net\/blog\/wp-json\/wp\/v2\/posts\/8628\/revisions\/8728"}],"wp:featuredmedia":[{"embeddable":true,"href":"https:\/\/www.atomcomics.net\/blog\/wp-json\/wp\/v2\/media\/9921"}],"wp:attachment":[{"href":"https:\/\/www.atomcomics.net\/blog\/wp-json\/wp\/v2\/media?parent=8628"}],"wp:term":[{"taxonomy":"category","embeddable":true,"href":"https:\/\/www.atomcomics.net\/blog\/wp-json\/wp\/v2\/categories?post=8628"},{"taxonomy":"post_tag","embeddable":true,"href":"https:\/\/www.atomcomics.net\/blog\/wp-json\/wp\/v2\/tags?post=8628"}],"curies":[{"name":"wp","href":"https:\/\/api.w.org\/{rel}","templated":true}]}}