{"id":8979,"date":"2016-07-02T10:30:31","date_gmt":"2016-07-02T08:30:31","guid":{"rendered":"http:\/\/www.atomcomics.net\/?p=8979"},"modified":"2016-07-02T12:03:00","modified_gmt":"2016-07-02T10:03:00","slug":"novelas-a-trazos","status":"publish","type":"post","link":"https:\/\/www.atomcomics.net\/blog\/2016\/07\/02\/novelas-a-trazos\/","title":{"rendered":"Novelas a trazos"},"content":{"rendered":"<p>Texto original publicado en <a href=\"http:\/\/www.infolibre.es\/noticias\/los_diablos_azules\/2016\/06\/24\/novelas_trazos_51613_1821.html\">InfoLibre<\/a><\/p>\n<hr \/>\n<p><em>Daniel Aubareda, responsable de la liber\u00eda especializada Atom C\u00f3mics (Madrid), recomienda algunas de las novedades que m\u00e1s le han interesado en los \u00faltimos meses.<\/em><\/p>\n<hr \/>\n<p><em><strong><img data-recalc-dims=\"1\" loading=\"lazy\" decoding=\"async\" class=\"alignright\" src=\"https:\/\/i0.wp.com\/www.infolibre.es\/uploads\/documentos\/2016\/06\/23\/documentos_alarota_d36e0bcb.jpg?resize=233%2C310\" width=\"233\" height=\"310\" \/>El ala rota<br \/>\n<\/strong><\/em><strong>Antonio Altarriba y Kim<br \/>\nNorma Editorial<br \/>\nBarcelona<br \/>\n2016<\/strong><\/p>\n<p>Tras narrar en <em>El arte de volar\u00a0<\/em>(De Ponent) la biograf\u00eda de su padre, y ante una sencilla pregunta de una lectora que echaba en falta un mayor desarrollo del personaje de la madre\u00a0<strong>Antonio Altarriba\u00a0<\/strong>sinti\u00f3 la necesidad de contar dicha historia.<\/p>\n<p><em>El ala rota<\/em> es una biograf\u00eda, pero es mucho m\u00e1s. No solo visitaremos la Espa\u00f1a rural de los a\u00f1os veinte y treinta sino que descubriremos la historia de muchos vencedores de la Guerra Civil que acabaron derrotados: militares del bando nacional que nunca fueron franquistas, o simples ciudadanos que lucharon por unos valores no respetados en las postguerra. Asistiremos al comienzo del <em>boom <\/em>inmobiliario \u2014el ladrillo espa\u00f1ol lleva a\u00f1os trabajando\u2014 y sentiremos la lucha permanente de mucha gente por vivir.<\/p>\n<p><em>El ala rota\u00a0<\/em>es un pedazo de Historia de Espa\u00f1a, pero sobre todo es la historia de una mujer trabajadora en un pa\u00eds que puede llegar a ser muy cruel. Un relato directo y crudo pero tremendamente emotivo y sincero.<\/p>\n<p><strong><em><img data-recalc-dims=\"1\" loading=\"lazy\" decoding=\"async\" class=\"alignright\" src=\"https:\/\/i0.wp.com\/www.infolibre.es\/uploads\/documentos\/2016\/06\/23\/documentos_instrusos_4aac43ba.jpg?resize=233%2C334\" width=\"233\" height=\"334\" \/>Intrusos<\/em><br \/>\nAdrian Tomine<br \/>\nSapristi<br \/>\nBarcelona<br \/>\n2016<\/strong><\/p>\n<p>Una recopilaci\u00f3n de diferentes historias sin aparente conexi\u00f3n entre ellos salvo la sensibilidad del autor. Diversos estilos narrativos y gr\u00e1ficos, m\u00faltiples tonos pero siempre una falsamente aparente sencillez es su ejecuci\u00f3n. <strong>Tomine\u00a0<\/strong>demuestra aqu\u00ed por qu\u00e9 es uno de los autores m\u00e1s valorados en la intelectualidad comiquera norteamericana.<\/p>\n<p>Con <em>Intrusos <\/em>el lector r\u00ede, se emociona y se sorprende, y adem\u00e1s tiene la sensaci\u00f3n de que en cada historia hay algo m\u00e1s. Que esos personajes est\u00e1n vivos y solo hemos visto una min\u00fascula parte de todo lo que son, han sido o ser\u00e1n. Ese estilo no especificativo, donde el lector tiene que comprender, rellenar o imaginar durante la lectura y posteriormente, elevan a Tomine a nivel de maestro.<\/p>\n<p>Bajo esa l\u00ednea limpia y composici\u00f3n ordenada hay una obra compleja y profunda que gustar\u00e1 tanto al lector de tebeos como al de narrativa contempor\u00e1nea.<\/p>\n<div><em><strong><img data-recalc-dims=\"1\" loading=\"lazy\" decoding=\"async\" class=\"alignright\" src=\"https:\/\/i0.wp.com\/www.infolibre.es\/uploads\/documentos\/2016\/06\/23\/documentos_rituales_46ec498d.jpg?resize=233%2C330\" width=\"233\" height=\"330\" \/>Rituales<\/strong><\/em><strong><br \/>\n\u00c1lvaro Ortiz<br \/>\nAstiberri<br \/>\nBilbao<br \/>\n2015<br \/>\n<\/strong><\/div>\n<div><strong>\u00c1lvaro Ortiz<\/strong> es una debilidad personal, pero creo sinceramente que es un autor de car\u00e1cter y una realidad del c\u00f3mic europeo: lo de joven promesa qued\u00f3 tiempo atr\u00e1s.\u00a0En <em>Rituales <\/em>nos presenta una serie de relatos cortos interrelacionados: en tem\u00e1tica, una misteriosa figura y extra\u00f1os rituales siempre presentes; y en tono, un humor negro cercano al de los hermanos <strong>Coen<\/strong>.<\/div>\n<p><em>Rituales <\/em>es un c\u00f3mic que entra por los ojos: la vi\u00f1eta peque\u00f1a, el trazo falsamente infantil, la tipograf\u00eda. Una est\u00e9tica visual muy caracter\u00edstica que nos da la bienvenida a un mundo personal lleno de personajes geniales, desde un mostole\u00f1o deseoso de escribir literatura negra escandinava, gente que se derrite en bares o pisos misteriosos donde nadie entra o sale. La sorpresa, lo cotidiano, lo real y lo imaginado se entremezclan en un c\u00f3ctel agridulce.<\/p>\n<p><em>Rituales <\/em>es un c\u00f3mic diferente, un c\u00f3mic de esos que llamamos de culto. Porque el culto y el ritual tienen mucho que ver.<\/p>\n<div><em><strong><img data-recalc-dims=\"1\" loading=\"lazy\" decoding=\"async\" class=\"alignright\" src=\"https:\/\/i0.wp.com\/www.infolibre.es\/uploads\/documentos\/2016\/06\/23\/documentos_starlight_a6abbe55.jpg?resize=233%2C359\" width=\"233\" height=\"359\" \/>Starlight<\/strong><\/em><strong><br \/>\nMark Millar y Goran Parlov<br \/>\nPanini<br \/>\nGirona<br \/>\n2016<\/strong><\/div>\n<div><\/div>\n<p>El c\u00f3mic siempre ha sido refugio de aventura y escapismo. <em>Starlight <\/em>es justamente eso, una <em>space-opera<\/em>, un c\u00f3mic de aventuras, un tebeo de acci\u00f3n, la garant\u00eda de que durante un rato de lectura podr\u00e1s escapar de tus problemas y pasarlo bien, realmente bien.<\/p>\n<p>El protagonista de <em>Starlight <\/em>es un antiguo aventurero espacial, un anciano al que nadie parece creer cuando habla de sus antiguas aventuras rescatando princesas de m\u00e1s all\u00e1 de Ori\u00f3n o luchando contra tiranos siderales. La muerte de su esposa parece suponer el final de sus d\u00edas de felicidad. Sin embargo, una \u00faltima aventura est\u00e1 a punto de llamar a su puerta.<br \/>\n<strong><br \/>\nMark Millar <\/strong>puede ser el guionista que m\u00e1s c\u00f3mics vende en Estados Unidos, sus proyectos son trasladados al cine y, pese a no ser un tipo, en mi opini\u00f3n, verdaderamente genial, hay que reconocer que domina los tempos y formas para crear c\u00f3mics adictivos y sumamente entretenidos. Por su parte, <strong>Parlov<\/strong>, dibujante croata, brilla con un estilo propio pero claramente deudor a grandes del c\u00f3mic: <strong>Moebius<\/strong>, <strong>Risso<\/strong>, <strong>Manara <\/strong>o hasta\u00a0<strong>Herg\u00e9<\/strong>.<\/p>\n<p>Si te gusta la ciencia ficci\u00f3n m\u00e1s aventurera, los rayos l\u00e1ser y las princesas ligeras de ropa, pero todo ello acompa\u00f1ado de un dibujo bien chulo y gran ritmo, este es tu c\u00f3mic.<\/p>\n<div><strong><em><img data-recalc-dims=\"1\" loading=\"lazy\" decoding=\"async\" class=\"alignright\" src=\"https:\/\/i0.wp.com\/www.infolibre.es\/uploads\/documentos\/2016\/06\/23\/documentos_elhombresintalento_e535248b.jpg?resize=233%2C327\" width=\"233\" height=\"327\" \/>El hombre sin talento<br \/>\n<\/em>Yoshiharu Tsuge<br \/>\nGallo Nero<br \/>\nMadrid<br \/>\n2015<\/strong><\/div>\n<div><\/div>\n<div>\n<p>Qu\u00e9 decir de un hombre que no quiere hacer nada. Qu\u00e9 contar de una vida de alguien que no aspira a nada. La premisa no puede resultar menos atractiva; el resultado final, uno de los c\u00f3mics m\u00e1s fascinantes que he le\u00eddo.<\/p>\n<p>La obra, de car\u00e1cter semibiogr\u00e1fico, nos presenta a un antiguo autor de manga de \u00e9xito que decide romper con todo y vivir vendiendo piedras de un r\u00edo que tiene a sus espaldas. Un m\u00e9todo de vida imposible que s\u00f3lo le puede llevar a ser un <em>outsider <\/em>de la sociedad y que le har\u00e1 entrar en contacto con otras personas como \u00e9l.<\/p>\n<p>La desesperanza de un Jap\u00f3n devastado en la Segunda Guerra Mundial y la capacidad autodestructiva del propio autor se entremezclan en una estructura casi circular de la obra. Un manga de digesti\u00f3n lenta \u2014una primera aproximaci\u00f3n puede resultar chocante, m\u00e1s a\u00fan para un lector occidental\u2014, un dibujo fe\u00edsta lleno de suciedad, como el relato, y unos personajes desesperantes pueden descolocar al p\u00fablico, pero se trata, sin lugar a dudas, de una de las m\u00e1s gratas sorpresas editoriales de los \u00faltimos meses.<\/p>\n<p><em>*Puedes encontrar la librer\u00eda <span class=\"txt_red\"><strong>Atom C\u00f3mics<\/strong><\/span> en la calle de Fuencarral, 134 (entrada por calle Alburquerque), en Madrid, o en su <\/em><a href=\"http:\/\/www.atomcomics.net\/\"><em>p\u00e1gina web<\/em><\/a><em>.\u00a0<\/em><\/p>\n<\/div>\n","protected":false},"excerpt":{"rendered":"<p>Texto original publicado en InfoLibre Daniel Aubareda, responsable de la liber\u00eda especializada Atom C\u00f3mics (Madrid), recomienda algunas de las novedades que m\u00e1s le han interesado en los \u00faltimos meses. El ala rota Antonio Altarriba y&hellip; <a class=\"read-more-link\" href=\"https:\/\/www.atomcomics.net\/blog\/2016\/07\/02\/novelas-a-trazos\/\">(seguir leyendo)<\/a><\/p>\n","protected":false},"author":1,"featured_media":9921,"comment_status":"closed","ping_status":"open","sticky":false,"template":"","format":"standard","meta":{"jetpack_post_was_ever_published":false,"_jetpack_newsletter_access":"","_jetpack_dont_email_post_to_subs":false,"_jetpack_newsletter_tier_id":0,"_jetpack_memberships_contains_paywalled_content":false,"_jetpack_memberships_contains_paid_content":false,"footnotes":"","jetpack_publicize_message":"","jetpack_publicize_feature_enabled":true,"jetpack_social_post_already_shared":true,"jetpack_social_options":{"image_generator_settings":{"template":"highway","default_image_id":0,"font":"","enabled":false},"version":2}},"categories":[285],"tags":[],"class_list":["post-8979","post","type-post","status-publish","format-standard","has-post-thumbnail","hentry","category-aca"],"jetpack_publicize_connections":[],"jetpack_featured_media_url":"https:\/\/i0.wp.com\/www.atomcomics.net\/blog\/wp-content\/uploads\/logonegro.png?fit=473%2C191&ssl=1","jetpack_shortlink":"https:\/\/wp.me\/p53Ua-2kP","jetpack-related-posts":[{"id":13459,"url":"https:\/\/www.atomcomics.net\/blog\/2021\/07\/23\/y-viernes-que-es-norma\/","url_meta":{"origin":8979,"position":0},"title":"Y viernes que es Norma","author":"ATOM COMICS","date":"23, julio, 2021","format":false,"excerpt":"NORMA NUEVO APEX LEGENDS: LA AVENTURA DE PATHFINDER EXPLORA EL MUNDO DE ESTE EXITOSO JUEGO A TRAV\u00c9S DE LOS OJOS DE PATHFINDER En stock 39,95 \u20ac A\u00f1adir al carritoM\u00e1s \u00a0A\u00f1adir a la lista de deseos NUEVO COFRE COLECCIONISTA ARTE DE VOLAR+ALA ROTA LA EDICI\u00d3N DEFINITIVA DEL D\u00cdPTICO FAMILIAR DE ALTARRIBA\u2026","rel":"","context":"En \u00abNovedades\u00bb","block_context":{"text":"Novedades","link":"https:\/\/www.atomcomics.net\/blog\/category\/novedades\/"},"img":{"alt_text":"","src":"https:\/\/i0.wp.com\/www.atomcomics.net\/blog\/wp-content\/uploads\/historias-de-the-umbrella-academy-pareces-un-muerto.jpg?fit=800%2C800&ssl=1&resize=350%2C200","width":350,"height":200,"srcset":"https:\/\/i0.wp.com\/www.atomcomics.net\/blog\/wp-content\/uploads\/historias-de-the-umbrella-academy-pareces-un-muerto.jpg?fit=800%2C800&ssl=1&resize=350%2C200 1x, https:\/\/i0.wp.com\/www.atomcomics.net\/blog\/wp-content\/uploads\/historias-de-the-umbrella-academy-pareces-un-muerto.jpg?fit=800%2C800&ssl=1&resize=525%2C300 1.5x, https:\/\/i0.wp.com\/www.atomcomics.net\/blog\/wp-content\/uploads\/historias-de-the-umbrella-academy-pareces-un-muerto.jpg?fit=800%2C800&ssl=1&resize=700%2C400 2x"},"classes":[]},{"id":3709,"url":"https:\/\/www.atomcomics.net\/blog\/2011\/12\/09\/miscelanea\/","url_meta":{"origin":8979,"position":1},"title":"Miscelanea &#8230;","author":"ATOM COMICS","date":"9, diciembre, 2011","format":false,"excerpt":"- El Arte De Volar (Novela Gr\u00e1fica) - 22,00\u20ac \u00a0 \u00a0 \u00a0 \u00a0 \u00a0 \u00a0 \u00a0 \u00a0 \u00a0 \u00a0 \u00a0 \u00a0 \u00a0 \u00a0 \"El 4 de mayo de 2001 el padre de Antonio Altarriba se suicid\u00f3. De esa manera pon\u00eda fin a una vida marcada por el fracaso y la\u2026","rel":"","context":"Entrada similar","block_context":{"text":"Entrada similar","link":""},"img":{"alt_text":"","src":"https:\/\/i0.wp.com\/www.atomcomics.net\/wp-content\/uploads\/artedevolar.jpg?resize=350%2C200","width":350,"height":200},"classes":[]},{"id":2450,"url":"https:\/\/www.atomcomics.net\/blog\/2010\/05\/08\/premios-28-salon-del-comic-de-barcelona\/","url_meta":{"origin":8979,"position":2},"title":"Premios 28 SAL\u00d3N DEL C\u00d3MIC DE BARCELONA","author":"ATOM COMICS","date":"8, mayo, 2010","format":false,"excerpt":"Nota de prensa con los premios del Sal\u00f3n del C\u00f3mic de Barcelona: LOS PREMIOS DEL SAL\u00d3N CELEBRAN EL EXCELENTE MOMENTO CREATIVO DEL MUNDO DEL C\u00d3MIC La entrega de los Premios del Sal\u00f3n del C\u00f3mic de Barcelona, los galardones m\u00e1s prestigiosos de los que se conceden en Espa\u00f1a en el \u00e1mbito\u2026","rel":"","context":"En \u00abNoticias\u00bb","block_context":{"text":"Noticias","link":"https:\/\/www.atomcomics.net\/blog\/category\/noticias\/"},"img":{"alt_text":"","src":"","width":0,"height":0},"classes":[]},{"id":8735,"url":"https:\/\/www.atomcomics.net\/blog\/2016\/04\/19\/novedad-narrativa-y-cosas-muy-interesantes\/","url_meta":{"origin":8979,"position":3},"title":"Novedad: Narrativa y cosas muy interesantes","author":"ATOM COMICS","date":"19, abril, 2016","format":false,"excerpt":"REINO DE CORDELIA LOS JINETES DEL ALBA\u00a022,95 \u20ac IMPEDIMENTA LA MUSA OSCURA21,95 \u20ac SEXTO PISO LLUVIA DE VERANO\u00a015,00 \u20ac EL NADIR CUENTOS QUE ACABAN MAL\u00a013,50 \u20ac PLANETA LA ESPADA SALVAJE DE CONAN...7,99 \u20ac Enciclopedia MARVEL Libro 14:...8,99 \u20ac NORMA TOM EN BARCELONA\u00a015,50 \u20ac MARC M\u00c1RQUEZ: LA HISTORIA DE UN...19,50 \u20ac\u2026","rel":"","context":"En \u00abNovedades\u00bb","block_context":{"text":"Novedades","link":"https:\/\/www.atomcomics.net\/blog\/category\/novedades\/"},"img":{"alt_text":"LOS JINETES DEL ALBA","src":"https:\/\/i0.wp.com\/www.comicalia.com\/22090-large\/los-jinetes-del-alba.jpg?resize=350%2C200","width":350,"height":200},"classes":[]},{"id":9524,"url":"https:\/\/www.atomcomics.net\/blog\/2017\/03\/03\/premio-zona-comic-a-el-ala-rota\/","url_meta":{"origin":8979,"position":4},"title":"Premio Zona C\u00f3mic a EL ALA ROTA","author":"ATOM COMICS","date":"3, marzo, 2017","format":false,"excerpt":"","rel":"","context":"En \u00abLecturas recomendadas\u00bb","block_context":{"text":"Lecturas recomendadas","link":"https:\/\/www.atomcomics.net\/blog\/category\/aca\/"},"img":{"alt_text":"","src":"https:\/\/i0.wp.com\/www.atomcomics.net\/wp-content\/uploads\/Premio-Zona-C%C3%B3mic-El-ala-rota--420x210.jpg?resize=350%2C200","width":350,"height":200},"classes":[]},{"id":8626,"url":"https:\/\/www.atomcomics.net\/blog\/2016\/03\/09\/la-casa-de-paco-roca-premio-zona-comic-2015\/","url_meta":{"origin":8979,"position":5},"title":"\u2018La casa\u2019 de Paco Roca, Premio Zona C\u00f3mic 2015","author":"ATOM COMICS","date":"9, marzo, 2016","format":false,"excerpt":"Las librer\u00edas especializadas que integran ZONA C\u00d3MIC han elegido la obra \u2018La casa\u2019 de Paco Roca, editada por Astiberri, como el mejor c\u00f3mic nacional publicado durante 2015. \u2018La casa\u2018 ha sido elegida en un proceso en el que han quedado finalistas Corto Malt\u00e9s: \u2018Bajo el sol de medianoche\u2019 de Juan\u2026","rel":"","context":"Entrada similar","block_context":{"text":"Entrada similar","link":""},"img":{"alt_text":"","src":"https:\/\/i0.wp.com\/www.comicalia.com\/20334-large\/la-casa-paco-roca.jpg?resize=350%2C200","width":350,"height":200},"classes":[]}],"jetpack_sharing_enabled":true,"_links":{"self":[{"href":"https:\/\/www.atomcomics.net\/blog\/wp-json\/wp\/v2\/posts\/8979","targetHints":{"allow":["GET"]}}],"collection":[{"href":"https:\/\/www.atomcomics.net\/blog\/wp-json\/wp\/v2\/posts"}],"about":[{"href":"https:\/\/www.atomcomics.net\/blog\/wp-json\/wp\/v2\/types\/post"}],"author":[{"embeddable":true,"href":"https:\/\/www.atomcomics.net\/blog\/wp-json\/wp\/v2\/users\/1"}],"replies":[{"embeddable":true,"href":"https:\/\/www.atomcomics.net\/blog\/wp-json\/wp\/v2\/comments?post=8979"}],"version-history":[{"count":2,"href":"https:\/\/www.atomcomics.net\/blog\/wp-json\/wp\/v2\/posts\/8979\/revisions"}],"predecessor-version":[{"id":8991,"href":"https:\/\/www.atomcomics.net\/blog\/wp-json\/wp\/v2\/posts\/8979\/revisions\/8991"}],"wp:featuredmedia":[{"embeddable":true,"href":"https:\/\/www.atomcomics.net\/blog\/wp-json\/wp\/v2\/media\/9921"}],"wp:attachment":[{"href":"https:\/\/www.atomcomics.net\/blog\/wp-json\/wp\/v2\/media?parent=8979"}],"wp:term":[{"taxonomy":"category","embeddable":true,"href":"https:\/\/www.atomcomics.net\/blog\/wp-json\/wp\/v2\/categories?post=8979"},{"taxonomy":"post_tag","embeddable":true,"href":"https:\/\/www.atomcomics.net\/blog\/wp-json\/wp\/v2\/tags?post=8979"}],"curies":[{"name":"wp","href":"https:\/\/api.w.org\/{rel}","templated":true}]}}