{"id":9622,"date":"2017-04-21T09:30:59","date_gmt":"2017-04-21T07:30:59","guid":{"rendered":"http:\/\/www.atomcomics.net\/?p=9622"},"modified":"2017-08-22T17:26:06","modified_gmt":"2017-08-22T15:26:06","slug":"sabado-22-los-limites-de-lo-serio-mesa-redonda","status":"publish","type":"post","link":"https:\/\/www.atomcomics.net\/blog\/2017\/04\/21\/sabado-22-los-limites-de-lo-serio-mesa-redonda\/","title":{"rendered":"S\u00e1bado 22: Los l\u00edmites de lo serio &#8211; Mesa redonda"},"content":{"rendered":"<p>Como parte de los eventos pertenecientes al fin de semana de <strong>La noche de los libros<\/strong>, desde Atom os invitamos a:<\/p>\n<h4>Los l\u00edmites de lo serio<\/h4>\n<p>\u00bfHay l\u00edmites para el periodismo serio? Es m\u00e1s, \u00bfexiste o es todo una gran broma? Humoristas y caricaturistas hartos <span class=\"il\">de<\/span> que quieran poner l\u00edmites a su trabajo hablan sin tapujos sobre la prensa y <span class=\"il\">los<\/span> medios <span class=\"il\">de<\/span> comunicaci\u00f3n.<\/p>\n<p>El <strong>s\u00e1bado 22 a las 18.30h<\/strong> en Atom C\u00f3mics<strong><em> c\/Fuencarral 134<\/em> <\/strong>(entrada por Alburquerque) realizamos un mesa redonda para llegar a conclusiones. Los ponentes ser\u00e1n:<\/p>\n<p><strong>Dar\u00edo Adanti<\/strong> (Buenos Aires, Argentina, 1971) es un historietista, ilustrador y animador argentino. Considerado uno <span class=\"il\">de<\/span> <span class=\"il\">los<\/span> autores m\u00e1s renovadores <span class=\"il\">de<\/span> la historieta c\u00f3mica en Espa\u00f1a, tambi\u00e9n hace ilustraci\u00f3n en revistas y peri\u00f3dicos (El Pa\u00eds <span class=\"il\">de<\/span> las Tentaciones, La Vanguardia, M\u00e1s <span class=\"il\">Libros<\/span>) o <span class=\"il\">libros<\/span>, como Vida Mostrenca <span class=\"il\">de<\/span> Jordi Costa. Ha realizado varios cortos <span class=\"il\">de<\/span> animaci\u00f3n como Vacal\u00e1ctica, Elvis Christ, Minas <span class=\"il\">de<\/span> cobre o La hora <span class=\"il\">de<\/span> Hombre Cacto, entre otros. Es uno <span class=\"il\">de<\/span> <span class=\"il\">los<\/span> fundadores <span class=\"il\">de<\/span> la revista Mongolia donde escribe y dibuja en la actualidad. Recientemente ha publicado \u00abDisparen al humorista\u00bb ensayo gr\u00e1fico donde denuncia que estamos en una sociedad donde el cerco al humor se cierra cada vez m\u00e1s.<\/p>\n<p><strong>Atxe.<\/strong>(Vitoria-Gasteiz, 1983). Se dedica al dibujo y la animaci\u00f3n desde 2005 y al humor gr\u00e1fico desde 2013. Colaborando con La Marea, CuartoPoder, El Diario Norte, El Huffington Post, El Estafador, SinPermiso, La Directa, El Churro Ilustrado y con el blog del programa radiof\u00f3nico Carne Cruda. Actualmente colabora con La Marea y semanalmente en el blog Demogracias <span class=\"il\">de<\/span> CuartoPoder.\u00a0<img data-recalc-dims=\"1\" loading=\"lazy\" decoding=\"async\" data-attachment-id=\"9623\" data-permalink=\"https:\/\/www.atomcomics.net\/blog\/2017\/04\/21\/sabado-22-los-limites-de-lo-serio-mesa-redonda\/nlib\/\" data-orig-file=\"https:\/\/i0.wp.com\/www.atomcomics.net\/blog\/wp-content\/uploads\/nlib.jpg?fit=760%2C638&amp;ssl=1\" data-orig-size=\"760,638\" data-comments-opened=\"0\" data-image-meta=\"{&quot;aperture&quot;:&quot;0&quot;,&quot;credit&quot;:&quot;&quot;,&quot;camera&quot;:&quot;&quot;,&quot;caption&quot;:&quot;&quot;,&quot;created_timestamp&quot;:&quot;0&quot;,&quot;copyright&quot;:&quot;&quot;,&quot;focal_length&quot;:&quot;0&quot;,&quot;iso&quot;:&quot;0&quot;,&quot;shutter_speed&quot;:&quot;0&quot;,&quot;title&quot;:&quot;&quot;,&quot;orientation&quot;:&quot;0&quot;}\" data-image-title=\"nlib\" data-image-description=\"\" data-image-caption=\"\" data-medium-file=\"https:\/\/i0.wp.com\/www.atomcomics.net\/blog\/wp-content\/uploads\/nlib.jpg?fit=744%2C625&amp;ssl=1\" data-large-file=\"https:\/\/i0.wp.com\/www.atomcomics.net\/blog\/wp-content\/uploads\/nlib.jpg?fit=760%2C638&amp;ssl=1\" class=\"aligncenter size-thumbnail wp-image-9623\" src=\"https:\/\/i0.wp.com\/www.atomcomics.net\/wp-content\/uploads\/nlib-420x353.jpg?resize=420%2C353\" alt=\"\" width=\"420\" height=\"353\" srcset=\"https:\/\/i0.wp.com\/www.atomcomics.net\/blog\/wp-content\/uploads\/nlib.jpg?resize=420%2C353&amp;ssl=1 420w, https:\/\/i0.wp.com\/www.atomcomics.net\/blog\/wp-content\/uploads\/nlib.jpg?resize=744%2C625&amp;ssl=1 744w, https:\/\/i0.wp.com\/www.atomcomics.net\/blog\/wp-content\/uploads\/nlib.jpg?w=760&amp;ssl=1 760w\" sizes=\"auto, (max-width: 420px) 100vw, 420px\" \/><strong>Raquel C\u00f3rcoles<\/strong>,\u00a0(Reus, 1986),m\u00e1s conocida como Moderna <span class=\"il\">de<\/span> Pueblo, es una ilustradora y autora <span class=\"il\">de<\/span> c\u00f3mic. Moderna <span class=\"il\">de<\/span> Pueblo es un blog creado en 2010. Gracias a \u00e9l Raquel gan\u00f3 la beca \u201cConnecta\u2019t al c\u00f2mic\u201d, que le permiti\u00f3 publicar su primer <span class=\"il\">libro<\/span>, \u201cSoy <span class=\"il\">de<\/span> Pueblo\u201d, que hizo con la ayuda <span class=\"il\">de<\/span> la dise\u00f1adora gr\u00e1fica Marta Rabad\u00e1n (1984, Cocentaina). Despu\u00e9s <span class=\"il\">de<\/span> haber trabajado casi un a\u00f1o en las revistas El Jueves y Cuore, hizo una pausa para escribir su primer c\u00f3mic en solitario \u201c<span class=\"il\">Los<\/span> Capullos No Regalan Flores\u201d (2013, Lumen). A partir <span class=\"il\">de<\/span> 2013, se incorpora como guionista Carlos Carrero (1984, Madrid), con quien publica \u201cCooltureta: la novela gr\u00e1fica\u201d (2014, Lumen). Raquel y Carlos siguen trabajando diariamente en el contenido <span class=\"il\">de\u00a0<\/span><a href=\"http:\/\/modernadepueblo.com\/\" target=\"_blank\" data-saferedirecturl=\"https:\/\/www.google.com\/url?hl=es&amp;q=http:\/\/modernadepueblo.com&amp;source=gmail&amp;ust=1492075171490000&amp;usg=AFQjCNETwDXLwlzla2Pbh7hI51U68NmI6g\">modernadepueblo.com<\/a> y colaborando en medios como Cuore, El Pa\u00eds y GQ.<\/p>\n<div dir=\"auto\"><strong>Edu Gal\u00e1n<\/strong> (Oviedo, 1980), es uno <span class=\"il\">de<\/span> <span class=\"il\">los<\/span> creadores <span class=\"il\">de<\/span> la revista sat\u00edrica Mongolia y escribe cr\u00edticas <span class=\"il\">de<\/span> cine en el diario La Nueva Espa\u00f1a y en la revista Cineman\u00eda. Tambi\u00e9n es codirector del curso <span class=\"il\">de<\/span> Extensi\u00f3n Universitaria <span class=\"il\">de<\/span> la Universidad <span class=\"il\">de<\/span>Oviedo \u00abHazles re\u00edr\u00bb, que estudia el humor y sus circunstancias. Acaba <span class=\"il\">de<\/span> publicar el ensayo breve Morir <span class=\"il\">de<\/span> pie. Stand-up (y Norteam\u00e9rica) (Rema y vive, 2014) y Todav\u00eda voy por la primera temporada (L\u00e9eme <span class=\"il\">libros<\/span>, 2014), un <span class=\"il\">libro<\/span> colectivo sobre ficci\u00f3n televisiva a beneficio <span class=\"il\">de<\/span> Amnist\u00eda Internacional.<\/div>\n<div dir=\"auto\">\u00bfOs lo vais a perder?<\/div>\n<div dir=\"auto\"><\/div>\n<div dir=\"auto\">Recordad:<\/div>\n<h5 dir=\"auto\" style=\"text-align: center;\"><strong>S\u00e1bado 22 de Abril &#8211; 18.30h <\/strong><\/h5>\n<h5 dir=\"auto\" style=\"text-align: center;\"><strong>ATOM COMICS c\/ Fuencarral 134<\/strong><\/h5>\n","protected":false},"excerpt":{"rendered":"<p>Como parte de los eventos pertenecientes al fin de semana de La noche de los libros, desde Atom os invitamos a: Los l\u00edmites de lo serio \u00bfHay l\u00edmites para el periodismo serio? Es m\u00e1s, \u00bfexiste&hellip; <a class=\"read-more-link\" href=\"https:\/\/www.atomcomics.net\/blog\/2017\/04\/21\/sabado-22-los-limites-de-lo-serio-mesa-redonda\/\">(seguir leyendo)<\/a><\/p>\n","protected":false},"author":1,"featured_media":9921,"comment_status":"closed","ping_status":"open","sticky":false,"template":"","format":"standard","meta":{"jetpack_post_was_ever_published":false,"_jetpack_newsletter_access":"","_jetpack_dont_email_post_to_subs":false,"_jetpack_newsletter_tier_id":0,"_jetpack_memberships_contains_paywalled_content":false,"_jetpack_memberships_contains_paid_content":false,"footnotes":"","jetpack_publicize_message":"","jetpack_publicize_feature_enabled":true,"jetpack_social_post_already_shared":true,"jetpack_social_options":{"image_generator_settings":{"template":"highway","default_image_id":0,"font":"","enabled":false},"version":2}},"categories":[6],"tags":[],"class_list":["post-9622","post","type-post","status-publish","format-standard","has-post-thumbnail","hentry","category-noticias"],"jetpack_publicize_connections":[],"jetpack_featured_media_url":"https:\/\/i0.wp.com\/www.atomcomics.net\/blog\/wp-content\/uploads\/logonegro.png?fit=473%2C191&ssl=1","jetpack_shortlink":"https:\/\/wp.me\/p53Ua-2vc","jetpack-related-posts":[{"id":8464,"url":"https:\/\/www.atomcomics.net\/blog\/2015\/12\/30\/altamente-ilogico-21-bulldog-con-2015\/","url_meta":{"origin":9622,"position":0},"title":"Altamente Il\u00f3gico 21: Bulldog Con 2015","author":"ATOM COMICS","date":"30, diciembre, 2015","format":false,"excerpt":"Programa muy especial ya que se trata de la charla que se mantuvo en Atom C\u00f3mics el 28 de diciembre de 2015 con motivo de la Bulldog Con. Josep Busquet modera y participa en \u201cTu a Bruselas y yo a California 2\u201d, una mesa redonda donde se habl\u00f3 de las\u2026","rel":"","context":"En \u00abBulldog\u00bb","block_context":{"text":"Bulldog","link":"https:\/\/www.atomcomics.net\/blog\/category\/bulldog\/"},"img":{"alt_text":"","src":"","width":0,"height":0},"classes":[]},{"id":9458,"url":"https:\/\/www.atomcomics.net\/blog\/2017\/02\/02\/presentacion-de-disparen-al-humorista-jueves-2-18-30h\/","url_meta":{"origin":9622,"position":1},"title":"Presentaci\u00f3n de Disparen al humorista -HOY  Jueves 2 18.30h","author":"ATOM COMICS","date":"2, febrero, 2017","format":false,"excerpt":"Dar\u00edo Adanti viene a Atom C\u00f3mics a presentarnos su nueva obra \"Disparen al humorista\" y nosotros somos felices por ello. Adem\u00e1s, promete invitados, debate, sorpresas y mucho m\u00e1s. As\u00ed que no os lo pod\u00e9is perder. Hoy Jueves 2 de Febrero a las 18.30h en Atom C\u00f3mics\u00a0c\/ Fuencarral 134 (entrada por\u2026","rel":"","context":"En \u00abNoticias\u00bb","block_context":{"text":"Noticias","link":"https:\/\/www.atomcomics.net\/blog\/category\/noticias\/"},"img":{"alt_text":"","src":"http:\/\/www.atomcomics.net\/wp-content\/uploads\/CARTEL-PRESENTACIO?N-MADRID-420x624.jpg","width":350,"height":200},"classes":[]},{"id":12948,"url":"https:\/\/www.atomcomics.net\/blog\/2020\/11\/17\/del-byte-al-papel-con-bruno-sol-y-juan-manuel-del-vas\/","url_meta":{"origin":9622,"position":2},"title":"Del byte al papel con Bruno Sol y Juan Manuel del Vas","author":"ATOM COMICS","date":"17, noviembre, 2020","format":false,"excerpt":"https:\/\/youtu.be\/MtXKWVg-KsY La oferta de libros de retroinform\u00e1tica ha aumentado en los \u00faltimos a\u00f1os y han aparecido sellos especializados que hablan tanto del panorama nacional como internacional. Organizado y moderado por el podcast Campamento Krypton, la mesa redonda abordar\u00e1 este fen\u00f3meno y contar\u00e1 con el periodista especializado Bruno Sol y el\u2026","rel":"","context":"Entrada similar","block_context":{"text":"Entrada similar","link":""},"img":{"alt_text":"","src":"https:\/\/i0.wp.com\/www.atomcomics.net\/blog\/wp-content\/uploads\/noche-libros-k3BH-620x349%40abc.jpg?fit=620%2C349&ssl=1&resize=350%2C200","width":350,"height":200,"srcset":"https:\/\/i0.wp.com\/www.atomcomics.net\/blog\/wp-content\/uploads\/noche-libros-k3BH-620x349%40abc.jpg?fit=620%2C349&ssl=1&resize=350%2C200 1x, https:\/\/i0.wp.com\/www.atomcomics.net\/blog\/wp-content\/uploads\/noche-libros-k3BH-620x349%40abc.jpg?fit=620%2C349&ssl=1&resize=525%2C300 1.5x"},"classes":[]},{"id":14739,"url":"https:\/\/www.atomcomics.net\/blog\/2024\/11\/08\/evento-profesionales-del-8-al-10-de-nov\/","url_meta":{"origin":9622,"position":3},"title":"Evento Profesionales (del 8 al 10 de nov)","author":"ATOM COMICS","date":"8, noviembre, 2024","format":false,"excerpt":"Es el evento que celebramos en el Barrio del c\u00f3mic de Madrid entre los d\u00edas 8 y 10 de noviembre (este fin de semana) donde se da encuentro entre aspirantes, profesionales y p\u00fablico lector aficionado al c\u00f3mic, la animaci\u00f3n... Os pasamos los encuentros que se celebrar\u00e1n en nuestro local de\u2026","rel":"","context":"En \u00abNoticias\u00bb","block_context":{"text":"Noticias","link":"https:\/\/www.atomcomics.net\/blog\/category\/noticias\/"},"img":{"alt_text":"","src":"https:\/\/i0.wp.com\/www.atomcomics.net\/blog\/wp-content\/uploads\/GbjLSDJWIAAZsWo.jpeg?fit=680%2C680&ssl=1&resize=350%2C200","width":350,"height":200,"srcset":"https:\/\/i0.wp.com\/www.atomcomics.net\/blog\/wp-content\/uploads\/GbjLSDJWIAAZsWo.jpeg?fit=680%2C680&ssl=1&resize=350%2C200 1x, https:\/\/i0.wp.com\/www.atomcomics.net\/blog\/wp-content\/uploads\/GbjLSDJWIAAZsWo.jpeg?fit=680%2C680&ssl=1&resize=525%2C300 1.5x"},"classes":[]},{"id":9105,"url":"https:\/\/www.atomcomics.net\/blog\/2016\/09\/07\/50-anos-de-star-trek-jueves-8-en-atom-comics\/","url_meta":{"origin":9622,"position":4},"title":"50 a\u00f1os de Star Trek &#8211; Jueves 8 en Atom C\u00f3mics","author":"ATOM COMICS","date":"7, septiembre, 2016","format":false,"excerpt":"El espacio la \u00faltima frontera... El pr\u00f3ximo jueves 8 se cumplir\u00e1n\u00a050 a\u00f1os de la primera emisi\u00f3n de Star Trek La Serie Original,\u00a0una ocasi\u00f3n inmejorable para hablar de una\u00a0serie qu\u00e9 significa tanto para muchos de nosotros. Live long and prosper Con la presencia de miembros del Club Star Trek Cochrane Madrid,\u2026","rel":"","context":"Entrada similar","block_context":{"text":"Entrada similar","link":""},"img":{"alt_text":"FullSizeRender (1)","src":"https:\/\/i0.wp.com\/www.atomcomics.net\/wp-content\/uploads\/FullSizeRender-1-420x180.jpg?resize=350%2C200","width":350,"height":200},"classes":[]},{"id":12924,"url":"https:\/\/www.atomcomics.net\/blog\/2020\/10\/31\/slasher-asterix-y-periodismo-serio\/","url_meta":{"origin":9622,"position":5},"title":"Slasher, Ast\u00e9rix y periodismo serio","author":"ATOM COMICS","date":"31, octubre, 2020","format":false,"excerpt":"https:\/\/youtu.be\/UR4VqC_8xy8 Vamos con tras nuevas recomendaciones, esta vez con cuello vuelto: 666 UN TRIBUTO A LA TIERRA\u00a0 ASTERIX. EL MENHIR DE ORO\u00a0","rel":"","context":"En \u00abLecturas recomendadas\u00bb","block_context":{"text":"Lecturas recomendadas","link":"https:\/\/www.atomcomics.net\/blog\/category\/aca\/"},"img":{"alt_text":"","src":"https:\/\/i0.wp.com\/www.atomcomics.net\/blog\/wp-content\/uploads\/ebcf2181-1ca2-4dd6-8b66-d9432463fb35.jpg?fit=777%2C390&ssl=1&resize=350%2C200","width":350,"height":200,"srcset":"https:\/\/i0.wp.com\/www.atomcomics.net\/blog\/wp-content\/uploads\/ebcf2181-1ca2-4dd6-8b66-d9432463fb35.jpg?fit=777%2C390&ssl=1&resize=350%2C200 1x, https:\/\/i0.wp.com\/www.atomcomics.net\/blog\/wp-content\/uploads\/ebcf2181-1ca2-4dd6-8b66-d9432463fb35.jpg?fit=777%2C390&ssl=1&resize=525%2C300 1.5x, https:\/\/i0.wp.com\/www.atomcomics.net\/blog\/wp-content\/uploads\/ebcf2181-1ca2-4dd6-8b66-d9432463fb35.jpg?fit=777%2C390&ssl=1&resize=700%2C400 2x"},"classes":[]}],"jetpack_sharing_enabled":true,"_links":{"self":[{"href":"https:\/\/www.atomcomics.net\/blog\/wp-json\/wp\/v2\/posts\/9622","targetHints":{"allow":["GET"]}}],"collection":[{"href":"https:\/\/www.atomcomics.net\/blog\/wp-json\/wp\/v2\/posts"}],"about":[{"href":"https:\/\/www.atomcomics.net\/blog\/wp-json\/wp\/v2\/types\/post"}],"author":[{"embeddable":true,"href":"https:\/\/www.atomcomics.net\/blog\/wp-json\/wp\/v2\/users\/1"}],"replies":[{"embeddable":true,"href":"https:\/\/www.atomcomics.net\/blog\/wp-json\/wp\/v2\/comments?post=9622"}],"version-history":[{"count":2,"href":"https:\/\/www.atomcomics.net\/blog\/wp-json\/wp\/v2\/posts\/9622\/revisions"}],"predecessor-version":[{"id":9625,"href":"https:\/\/www.atomcomics.net\/blog\/wp-json\/wp\/v2\/posts\/9622\/revisions\/9625"}],"wp:featuredmedia":[{"embeddable":true,"href":"https:\/\/www.atomcomics.net\/blog\/wp-json\/wp\/v2\/media\/9921"}],"wp:attachment":[{"href":"https:\/\/www.atomcomics.net\/blog\/wp-json\/wp\/v2\/media?parent=9622"}],"wp:term":[{"taxonomy":"category","embeddable":true,"href":"https:\/\/www.atomcomics.net\/blog\/wp-json\/wp\/v2\/categories?post=9622"},{"taxonomy":"post_tag","embeddable":true,"href":"https:\/\/www.atomcomics.net\/blog\/wp-json\/wp\/v2\/tags?post=9622"}],"curies":[{"name":"wp","href":"https:\/\/api.w.org\/{rel}","templated":true}]}}