{"id":9629,"date":"2017-04-21T09:32:31","date_gmt":"2017-04-21T07:32:31","guid":{"rendered":"http:\/\/www.atomcomics.net\/?p=9629"},"modified":"2017-08-22T17:25:57","modified_gmt":"2017-08-22T15:25:57","slug":"presentacion-viernes-21-magia-en-movimiento","status":"publish","type":"post","link":"https:\/\/www.atomcomics.net\/blog\/2017\/04\/21\/presentacion-viernes-21-magia-en-movimiento\/","title":{"rendered":"Presentaci\u00f3n Viernes 21 &#8211; Magia en Movimiento"},"content":{"rendered":"<p>El pr\u00f3ximo viernes <strong>21 de abril, a las 18:30h,<\/strong> coincidiendo con\u00a0\u00ab<em>La Noche de los Libros<\/em>\u00ab, la editorial Applehead Team Creaciones presenta \u00ab<em><strong>Magia en Movimiento<\/strong><\/em>\u00ab, que profundiza en la relaci\u00f3n del cantante <em><strong>Michael Jackson<\/strong><\/em> con el mundo del cine y los videojuegos.<a href=\"https:\/\/www.facebook.com\/events\/609932842528955\/\"><img data-recalc-dims=\"1\" loading=\"lazy\" decoding=\"async\" data-attachment-id=\"9630\" data-permalink=\"https:\/\/www.atomcomics.net\/blog\/2017\/04\/21\/presentacion-viernes-21-magia-en-movimiento\/c9juvwwwaaenfuc\/\" data-orig-file=\"https:\/\/i0.wp.com\/www.atomcomics.net\/blog\/wp-content\/uploads\/C9jUVwWWAAEnfuC.jpg?fit=640%2C337&amp;ssl=1\" data-orig-size=\"640,337\" data-comments-opened=\"0\" data-image-meta=\"{&quot;aperture&quot;:&quot;0&quot;,&quot;credit&quot;:&quot;&quot;,&quot;camera&quot;:&quot;&quot;,&quot;caption&quot;:&quot;&quot;,&quot;created_timestamp&quot;:&quot;0&quot;,&quot;copyright&quot;:&quot;&quot;,&quot;focal_length&quot;:&quot;0&quot;,&quot;iso&quot;:&quot;0&quot;,&quot;shutter_speed&quot;:&quot;0&quot;,&quot;title&quot;:&quot;&quot;,&quot;orientation&quot;:&quot;0&quot;}\" data-image-title=\"C9jUVwWWAAEnfuC\" data-image-description=\"\" data-image-caption=\"\" data-medium-file=\"https:\/\/i0.wp.com\/www.atomcomics.net\/blog\/wp-content\/uploads\/C9jUVwWWAAEnfuC.jpg?fit=640%2C337&amp;ssl=1\" data-large-file=\"https:\/\/i0.wp.com\/www.atomcomics.net\/blog\/wp-content\/uploads\/C9jUVwWWAAEnfuC.jpg?fit=640%2C337&amp;ssl=1\" class=\"aligncenter size-thumbnail wp-image-9630\" src=\"https:\/\/i0.wp.com\/www.atomcomics.net\/wp-content\/uploads\/C9jUVwWWAAEnfuC-420x221.jpg?resize=420%2C221\" alt=\"\" width=\"420\" height=\"221\" srcset=\"https:\/\/i0.wp.com\/www.atomcomics.net\/blog\/wp-content\/uploads\/C9jUVwWWAAEnfuC.jpg?resize=420%2C221&amp;ssl=1 420w, https:\/\/i0.wp.com\/www.atomcomics.net\/blog\/wp-content\/uploads\/C9jUVwWWAAEnfuC.jpg?w=640&amp;ssl=1 640w\" sizes=\"auto, (max-width: 420px) 100vw, 420px\" \/><\/a><\/p>\n<p>Su autor, <strong><em>Toni Arias<\/em><\/strong> y el cr\u00edtico de cine <strong><em>David Bernal<\/em> <\/strong>os esperan\u00a0en Atom C\u00f3mics de c\/ Fuencarral 134 (entrada por Alburquerque)<br \/>\n\u00a1No falt\u00e9is!<\/p>\n","protected":false},"excerpt":{"rendered":"<p>El pr\u00f3ximo viernes 21 de abril, a las 18:30h, coincidiendo con\u00a0\u00abLa Noche de los Libros\u00ab, la editorial Applehead Team Creaciones presenta \u00abMagia en Movimiento\u00ab, que profundiza en la relaci\u00f3n del cantante Michael Jackson con el&hellip; <a class=\"read-more-link\" href=\"https:\/\/www.atomcomics.net\/blog\/2017\/04\/21\/presentacion-viernes-21-magia-en-movimiento\/\">(seguir leyendo)<\/a><\/p>\n","protected":false},"author":1,"featured_media":9921,"comment_status":"closed","ping_status":"open","sticky":false,"template":"","format":"standard","meta":{"jetpack_post_was_ever_published":false,"_jetpack_newsletter_access":"","_jetpack_dont_email_post_to_subs":false,"_jetpack_newsletter_tier_id":0,"_jetpack_memberships_contains_paywalled_content":false,"_jetpack_memberships_contains_paid_content":false,"footnotes":"","jetpack_publicize_message":"","jetpack_publicize_feature_enabled":true,"jetpack_social_post_already_shared":true,"jetpack_social_options":{"image_generator_settings":{"template":"highway","default_image_id":0,"font":"","enabled":false},"version":2}},"categories":[6],"tags":[],"class_list":["post-9629","post","type-post","status-publish","format-standard","has-post-thumbnail","hentry","category-noticias"],"jetpack_publicize_connections":[],"jetpack_featured_media_url":"https:\/\/i0.wp.com\/www.atomcomics.net\/blog\/wp-content\/uploads\/logonegro.png?fit=473%2C191&ssl=1","jetpack_shortlink":"https:\/\/wp.me\/p53Ua-2vj","jetpack-related-posts":[{"id":9576,"url":"https:\/\/www.atomcomics.net\/blog\/2017\/03\/28\/novedad-libros-y-mas-libros-grandes-y-pequenos\/","url_meta":{"origin":9629,"position":0},"title":"Novedad: Libros y m\u00e1s libros, grandes y peque\u00f1os","author":"ATOM COMICS","date":"28, marzo, 2017","format":false,"excerpt":"APPLEHEAD JOE DANTE: EN EL L\u00cdMITE DE LA REALIDAD 22,95 \u20ac MAGIA EN MOVIMIENTO: MICHAEL JACKSON A... 19,95 \u20ac LIBROS DEL ZORRO ROJO Si las manzanas tuvieran dientes 11,90 \u20ac El jard\u00edn mal\u00e9fico 9,95 \u20ac VALDEMAR M\u00e1s all\u00e1 del ancho Misuri 28,00 \u20ac El cristianismo desenmascarado 9,50 \u20ac Dickon el\u2026","rel":"","context":"En \u00abNovedades\u00bb","block_context":{"text":"Novedades","link":"https:\/\/www.atomcomics.net\/blog\/category\/novedades\/"},"img":{"alt_text":"JOE DANTE: EN EL L\u00cdMITE DE LA REALIDAD","src":"https:\/\/i0.wp.com\/www.comicalia.com\/26589-home_default\/joe-dante-en-el-limite-de-la-realidad.jpg?resize=350%2C200&ssl=1","width":350,"height":200},"classes":[]},{"id":11466,"url":"https:\/\/www.atomcomics.net\/blog\/2018\/12\/05\/viernes-14-presentacion-cine-japones\/","url_meta":{"origin":9629,"position":1},"title":"Viernes 14 &#8211; Presentaci\u00f3n: Cine Japon\u00e9s","author":"ATOM COMICS","date":"5, diciembre, 2018","format":false,"excerpt":"El bushido nos obliga a informaros de la presentaci\u00f3n del libro Cine Japon\u00e9s. Un aut\u00e9ntico compendio de todo lo que necesit\u00e1is saber sobre el cine del pa\u00eds del sol naciente. Contaremos con el autor Miguel Herrero Herrero y el ilustrador Mario-Paul Martinez. Recordad: CINE JAPON\u00c9S Viernes 14 de Diciembre a\u2026","rel":"","context":"Entrada similar","block_context":{"text":"Entrada similar","link":""},"img":{"alt_text":"","src":"https:\/\/i2.wp.com\/www.atomcomics.net\/wp-content\/uploads\/Anuncio-Facebook-Cine-Japone%C4%97s.jpg?resize=350%2C200","width":350,"height":200,"srcset":"https:\/\/i2.wp.com\/www.atomcomics.net\/wp-content\/uploads\/Anuncio-Facebook-Cine-Japone%C4%97s.jpg?resize=350%2C200 1x, https:\/\/i2.wp.com\/www.atomcomics.net\/wp-content\/uploads\/Anuncio-Facebook-Cine-Japone%C4%97s.jpg?resize=525%2C300 1.5x"},"classes":[]},{"id":3881,"url":"https:\/\/www.atomcomics.net\/blog\/2012\/03\/02\/novedad-caramba-es-viernes\/","url_meta":{"origin":9629,"position":2},"title":"Novedad: Caramba, es viernes","author":"ATOM COMICS","date":"2, marzo, 2012","format":false,"excerpt":"\u00a1CARAMBA! La Industria de los Sue\u00f1os - 18\u20ac Cineastas convertidos en men\u00fas de restaurante, pel\u00edculas de \u00e9xito en manos de los directores m\u00e1s insospechados y an\u00e9cdotas imposibles protagonizadas por el star-system cinematogr\u00e1fico de ayer y hoy: estos son tan s\u00f3lo algunos de los temas habituales en La industria de los\u2026","rel":"","context":"En \u00abNovedades\u00bb","block_context":{"text":"Novedades","link":"https:\/\/www.atomcomics.net\/blog\/category\/novedades\/"},"img":{"alt_text":"","src":"https:\/\/i0.wp.com\/carambacomics.com\/caramba\/wp-content\/uploads\/2012\/02\/laindustria.png?resize=350%2C200","width":350,"height":200},"classes":[]},{"id":8531,"url":"https:\/\/www.atomcomics.net\/blog\/2016\/02\/02\/novedad-planeta-y-mas\/","url_meta":{"origin":9629,"position":3},"title":"Novedad: Planeta y m\u00e1s","author":"ATOM COMICS","date":"2, febrero, 2016","format":false,"excerpt":"SALLY BOOKS 2200 LAS AVENTURAS DE FRAN Y PICKY\u00a014,00 \u20ac CROAK ROLL\u00a012,00 \u20ac H\u00c9ROES DE PAPEL CINE Y VIDEOJUEGOS 2\u00aa EDICION\u00a016,00 \u20ac PONENT MON JULES VERNE TOMO 1\u00a024,50 \u20ac LA REP\u00daBLICA DE LA LUCHA\u00a020,00 \u20ac PLANETA La espada salvaje de Conan...7,99 \u20ac Los Pitufos Libro 2: Pitufo...4,99 \u20ac Marmalade Boy\u2026","rel":"","context":"En \u00abNovedades\u00bb","block_context":{"text":"Novedades","link":"https:\/\/www.atomcomics.net\/blog\/category\/novedades\/"},"img":{"alt_text":"2200 LAS AVENTURAS DE FRAN Y PICKY","src":"https:\/\/i0.wp.com\/www.comicalia.com\/21104-large\/2200-las-aventuras-de-fran-y-picky.jpg?resize=350%2C200","width":350,"height":200},"classes":[]},{"id":62,"url":"https:\/\/www.atomcomics.net\/blog\/2005\/07\/12\/nueva-proyeccion-en-atom-4f\/","url_meta":{"origin":9629,"position":4},"title":"Nueva Proyecci\u00f3n en ATOM: 4F","author":"ATOM COMICS","date":"12, julio, 2005","format":false,"excerpt":"Pues debido al \u00e9xito de la cr\u00edtica especializada, que consisti\u00f3 en un par de amiguetes que pasaron por all\u00ed, y b\u00e1sicamente porque nos apetece, volvemos a las proyecciones (bizarras) en ATOM COMICS. Como nos gusta daros sorpresas no os diremos el t\u00edtulo, simplemente comentar que los protagonistas van de azul\u2026","rel":"","context":"Entrada similar","block_context":{"text":"Entrada similar","link":""},"img":{"alt_text":"","src":"","width":0,"height":0},"classes":[]},{"id":9102,"url":"https:\/\/www.atomcomics.net\/blog\/2016\/09\/06\/novedad-cada-dia-mas-perdido-y-con-mas-por-leer\/","url_meta":{"origin":9629,"position":5},"title":"Novedad: Cada d\u00eda m\u00e1s perdido y con m\u00e1s por leer","author":"ATOM COMICS","date":"6, septiembre, 2016","format":false,"excerpt":"BANG EL PASEO DE ANT\u00d3N\u00a013,00 \u20ac PLANETA Colecci\u00f3n PLAYMOBIL Entrega 2:...4,99 \u20ac NOCTURNA T\u00edteres de la magia16,00 \u20ac Autobiograf\u00eda de un sinverg\u00fcenza17,50 \u20ac LA FELGUERA FUERA DE LA LEY\u00a023,00 \u20ac CAPITAN SWING LOS HOMBRES ME EXPLICAN COSAS\u00a016,00 \u20ac VIVIR SIN DINERO\u00a018,50 \u20ac LIBROS DEL LINCE Don Quijote de Manhattan\u00a019,00 \u20ac\u2026","rel":"","context":"En \u00abNovedades\u00bb","block_context":{"text":"Novedades","link":"https:\/\/www.atomcomics.net\/blog\/category\/novedades\/"},"img":{"alt_text":"EL PASEO DE ANT\u00d3N","src":"https:\/\/i0.wp.com\/www.comicalia.com\/23624-large\/el-paseo-de-anton.jpg?resize=350%2C200","width":350,"height":200},"classes":[]}],"jetpack_sharing_enabled":true,"_links":{"self":[{"href":"https:\/\/www.atomcomics.net\/blog\/wp-json\/wp\/v2\/posts\/9629","targetHints":{"allow":["GET"]}}],"collection":[{"href":"https:\/\/www.atomcomics.net\/blog\/wp-json\/wp\/v2\/posts"}],"about":[{"href":"https:\/\/www.atomcomics.net\/blog\/wp-json\/wp\/v2\/types\/post"}],"author":[{"embeddable":true,"href":"https:\/\/www.atomcomics.net\/blog\/wp-json\/wp\/v2\/users\/1"}],"replies":[{"embeddable":true,"href":"https:\/\/www.atomcomics.net\/blog\/wp-json\/wp\/v2\/comments?post=9629"}],"version-history":[{"count":2,"href":"https:\/\/www.atomcomics.net\/blog\/wp-json\/wp\/v2\/posts\/9629\/revisions"}],"predecessor-version":[{"id":9632,"href":"https:\/\/www.atomcomics.net\/blog\/wp-json\/wp\/v2\/posts\/9629\/revisions\/9632"}],"wp:featuredmedia":[{"embeddable":true,"href":"https:\/\/www.atomcomics.net\/blog\/wp-json\/wp\/v2\/media\/9921"}],"wp:attachment":[{"href":"https:\/\/www.atomcomics.net\/blog\/wp-json\/wp\/v2\/media?parent=9629"}],"wp:term":[{"taxonomy":"category","embeddable":true,"href":"https:\/\/www.atomcomics.net\/blog\/wp-json\/wp\/v2\/categories?post=9629"},{"taxonomy":"post_tag","embeddable":true,"href":"https:\/\/www.atomcomics.net\/blog\/wp-json\/wp\/v2\/tags?post=9629"}],"curies":[{"name":"wp","href":"https:\/\/api.w.org\/{rel}","templated":true}]}}