{"id":9646,"date":"2017-04-25T16:17:50","date_gmt":"2017-04-25T15:17:50","guid":{"rendered":"http:\/\/www.atomcomics.net\/?p=9646"},"modified":"2017-04-25T16:17:50","modified_gmt":"2017-04-25T15:17:50","slug":"novedad-saludad-a-valiant","status":"publish","type":"post","link":"https:\/\/www.atomcomics.net\/blog\/2017\/04\/25\/novedad-saludad-a-valiant\/","title":{"rendered":"Novedad: Saludad a Valiant"},"content":{"rendered":"<div class=\"left-block col-xs-4 col-sm-5 col-md-4\">\n<h4 class=\"product-image-container\">ERRATA NATURAE<\/h4>\n<div class=\"product-image-container\"><a class=\"product_img_link\" title=\"REGRESO A TWIN PEAKS\" href=\"https:\/\/www.comicalia.com\/estudio-y-divulgacion\/26277-regreso-a-twin-peaks-9788416544394.html\"><img data-recalc-dims=\"1\" loading=\"lazy\" decoding=\"async\" class=\"replace-2x img-responsive\" title=\"REGRESO A TWIN PEAKS\" src=\"https:\/\/i0.wp.com\/www.comicalia.com\/26965-home_default\/regreso-a-twin-peaks.jpg?resize=250%2C250&#038;ssl=1\" alt=\"REGRESO A TWIN PEAKS\" width=\"250\" height=\"250\" \/><\/a><\/div>\n<div class=\"product-image-container\"><a class=\"product-name\" title=\"REGRESO A TWIN PEAKS\" href=\"https:\/\/www.comicalia.com\/estudio-y-divulgacion\/26277-regreso-a-twin-peaks-9788416544394.html\">REGRESO A TWIN PEAKS<\/a><\/div>\n<\/div>\n<div class=\"center-block col-xs-4 col-sm-7 col-md-4\">\n<p class=\"product-desc\">Coincidiendo con el estreno de la esperada tercera temporada de la obra de culto de David Lynch, publicamos un nuevo volumen en nuestra popular colecci\u00f3n de series. 20,00 \u20ac<\/p>\n<h4 class=\"product-desc\">FULGENCIO PIMENTEL<\/h4>\n<\/div>\n<div class=\"product-container\">\n<div class=\"row\">\n<div class=\"left-block col-xs-4 col-sm-5 col-md-4\">\n<div class=\"product-image-container\"><a class=\"product_img_link\" title=\"CLASES DE CHAP\u00cdN\" href=\"https:\/\/www.comicalia.com\/narrativa\/26276-clases-de-chapin-9788416167708.html\"><img data-recalc-dims=\"1\" loading=\"lazy\" decoding=\"async\" class=\"replace-2x img-responsive\" title=\"CLASES DE CHAP\u00cdN\" src=\"https:\/\/i0.wp.com\/www.comicalia.com\/26964-home_default\/clases-de-chapin.jpg?resize=250%2C250&#038;ssl=1\" alt=\"CLASES DE CHAP\u00cdN\" width=\"250\" height=\"250\" \/><\/a><\/div>\n<div class=\"product-image-container\"><a class=\"product-name\" title=\"CLASES DE CHAP\u00cdN\" href=\"https:\/\/www.comicalia.com\/narrativa\/26276-clases-de-chapin-9788416167708.html\">CLASES DE CHAP\u00cdN<\/a><\/div>\n<\/div>\n<div class=\"center-block col-xs-4 col-sm-7 col-md-4\">\n<p class=\"product-desc\">Compilaci\u00f3n de relatos esenciales del aclamado escritor guatemalteco de origen jud\u00edo Eduardo Halfon.\u00a0<span class=\"price product-price\">19,90 \u20ac<\/span><\/p>\n<h4 class=\"product-desc\">QUATERNI<\/h4>\n<\/div>\n<\/div>\n<\/div>\n<div class=\"product-container\">\n<div class=\"row\">\n<div class=\"left-block col-xs-4 col-sm-5 col-md-4\">\n<div class=\"product-image-container\"><a class=\"product_img_link\" title=\"CREEPY. ESCALOFR\u00cdO\" href=\"https:\/\/www.comicalia.com\/narrativa\/26275-creepy-escalofrio-9788494616051.html\"><img data-recalc-dims=\"1\" loading=\"lazy\" decoding=\"async\" class=\"replace-2x img-responsive\" title=\"CREEPY. ESCALOFR\u00cdO\" src=\"https:\/\/i0.wp.com\/www.comicalia.com\/26963-home_default\/creepy-escalofrio.jpg?resize=250%2C250&#038;ssl=1\" alt=\"CREEPY. ESCALOFR\u00cdO\" width=\"250\" height=\"250\" \/><\/a><\/div>\n<div class=\"product-image-container\"><a class=\"product-name\" title=\"CREEPY. ESCALOFR\u00cdO\" href=\"https:\/\/www.comicalia.com\/narrativa\/26275-creepy-escalofrio-9788494616051.html\">CREEPY. ESCALOFR\u00cdO<\/a><\/div>\n<\/div>\n<div class=\"center-block col-xs-4 col-sm-7 col-md-4\">\n<p class=\"product-desc\">\u00bfQu\u00e9 ocurre cuando nadie a tu alrededor es quien dice ser? Creepy, la novela de misterio del a\u00f1o en Jap\u00f3n, un aut\u00e9ntico fen\u00f3meno editorial con ventas millonarias.\u00a0<span class=\"price product-price\">19,95 \u20ac<\/span><\/p>\n<h4 class=\"product-desc\">TROPO<\/h4>\n<\/div>\n<\/div>\n<\/div>\n<div class=\"product-container\">\n<div class=\"row\">\n<div class=\"left-block col-xs-4 col-sm-5 col-md-4\">\n<div class=\"product-image-container\"><a class=\"product_img_link\" title=\"ZEBULON\" href=\"https:\/\/www.comicalia.com\/narrativa\/26274-zebulon-9788494515378.html\"><img data-recalc-dims=\"1\" loading=\"lazy\" decoding=\"async\" class=\"replace-2x img-responsive\" title=\"ZEBULON\" src=\"https:\/\/i0.wp.com\/www.comicalia.com\/26962-home_default\/zebulon.jpg?resize=250%2C250&#038;ssl=1\" alt=\"ZEBULON\" width=\"250\" height=\"250\" \/><\/a><\/div>\n<div class=\"product-image-container\"><a class=\"product-name\" title=\"ZEBULON\" href=\"https:\/\/www.comicalia.com\/narrativa\/26274-zebulon-9788494515378.html\">ZEBULON<\/a><\/div>\n<\/div>\n<div class=\"center-block col-xs-4 col-sm-7 col-md-4\">\n<p class=\"product-desc\">Imagina que acampas una noche en el bosque con McCarthy y Johnson. Fum\u00e1is hach\u00eds en pipa. Junto con muchos a\u00f1os de terapia, este libro ser\u00eda el resultado de esa noche.\u00a0<span class=\"price product-price\">19,95 \u20ac<\/span><\/p>\n<h4 class=\"product-desc\">REVERT\u00c9<\/h4>\n<p class=\"product-desc\"><a class=\"product_img_link\" title=\"Con\u00e9 y Condorito. 2\" href=\"https:\/\/www.comicalia.com\/all\/26273-cone-y-condorito-2-9789563162820.html\"><img data-recalc-dims=\"1\" loading=\"lazy\" decoding=\"async\" class=\"replace-2x img-responsive\" title=\"Con\u00e9 y Condorito. 2\" src=\"https:\/\/i0.wp.com\/www.comicalia.com\/26966-home_default\/cone-y-condorito-2.jpg?resize=250%2C250&#038;ssl=1\" alt=\"Con\u00e9 y Condorito. 2\" width=\"250\" height=\"250\" \/><\/a><\/p>\n<p class=\"product-desc\"><a class=\"product-name\" title=\"Con\u00e9 y Condorito. 2\" href=\"https:\/\/www.comicalia.com\/all\/26273-cone-y-condorito-2-9789563162820.html\">Con\u00e9 y Condorito. 2<\/a>\u00a07,95 \u20ac<\/p>\n<\/div>\n<\/div>\n<\/div>\n<div class=\"product-container\">\n<div class=\"row\">\n<div class=\"left-block col-xs-4 col-sm-5 col-md-4\">\n<div class=\"product-image-container\"><a class=\"product_img_link\" title=\"Condorito. Quinto libro\" href=\"https:\/\/www.comicalia.com\/all\/26272-condorito-quinto-libro-9789563162257.html\"><img data-recalc-dims=\"1\" loading=\"lazy\" decoding=\"async\" class=\"replace-2x img-responsive\" title=\"Condorito. Quinto libro\" src=\"https:\/\/i0.wp.com\/www.comicalia.com\/26967-home_default\/condorito-quinto-libro.jpg?resize=250%2C250&#038;ssl=1\" alt=\"Condorito. Quinto libro\" width=\"250\" height=\"250\" \/><\/a><\/div>\n<div class=\"product-image-container\"><a class=\"product-name\" title=\"Condorito. Quinto libro\" href=\"https:\/\/www.comicalia.com\/all\/26272-condorito-quinto-libro-9789563162257.html\">Condorito. Quinto libro<\/a>\u00a011,90 \u20ac<\/div>\n<\/div>\n<\/div>\n<\/div>\n<div class=\"product-container\">\n<div class=\"row\">\n<div class=\"left-block col-xs-4 col-sm-5 col-md-4\">\n<div class=\"product-image-container\"><a class=\"product_img_link\" title=\"Condorito. Cuarto libro\" href=\"https:\/\/www.comicalia.com\/all\/26271-condorito-cuarto-libro-9789563162240.html\"><img data-recalc-dims=\"1\" loading=\"lazy\" decoding=\"async\" class=\"replace-2x img-responsive\" title=\"Condorito. Cuarto libro\" src=\"https:\/\/i0.wp.com\/www.comicalia.com\/26968-home_default\/condorito-cuarto-libro.jpg?resize=250%2C250&#038;ssl=1\" alt=\"Condorito. Cuarto libro\" width=\"250\" height=\"250\" \/><\/a><\/div>\n<div class=\"product-image-container\"><a class=\"product-name\" title=\"Condorito. Cuarto libro\" href=\"https:\/\/www.comicalia.com\/all\/26271-condorito-cuarto-libro-9789563162240.html\">Condorito. Cuarto libro<\/a><\/div>\n<\/div>\n<div class=\"center-block col-xs-4 col-sm-7 col-md-4\">\n<div class=\"color-list-container\"><span class=\"price product-price\">11,90 \u20ac<\/span><\/div>\n<h4 class=\"color-list-container\">LA FELGUERA<\/h4>\n<\/div>\n<div class=\"right-block col-xs-4 col-sm-12 col-md-4\"><\/div>\n<\/div>\n<\/div>\n<div class=\"product-container\">\n<div class=\"row\">\n<div class=\"left-block col-xs-4 col-sm-5 col-md-4\">\n<div class=\"product-image-container\"><a class=\"product_img_link\" title=\"FANTASMAGOR\u00cdA\" href=\"https:\/\/www.comicalia.com\/narrativa\/26263-fantasmagoria-9788494619748.html\"><img data-recalc-dims=\"1\" loading=\"lazy\" decoding=\"async\" class=\"replace-2x img-responsive\" title=\"FANTASMAGOR\u00cdA\" src=\"https:\/\/i0.wp.com\/www.comicalia.com\/26950-home_default\/fantasmagoria.jpg?resize=250%2C250&#038;ssl=1\" alt=\"FANTASMAGOR\u00cdA\" width=\"250\" height=\"250\" \/><\/a><\/div>\n<div class=\"product-image-container\"><a class=\"product-name\" title=\"FANTASMAGOR\u00cdA\" href=\"https:\/\/www.comicalia.com\/narrativa\/26263-fantasmagoria-9788494619748.html\">FANTASMAGOR\u00cdA<\/a><\/div>\n<\/div>\n<div class=\"center-block col-xs-4 col-sm-7 col-md-4\">\n<p class=\"product-desc\">Este es el mundo de los espectros y las pesadillas, la alucinaci\u00f3n y el delirio\u2026 Una in\u00e9dita historia de la humanidad contada a trav\u00e9s de la magia y la ilusi\u00f3n. 23,00 \u20ac<\/p>\n<h4 class=\"product-desc\">PONENT MON<\/h4>\n<\/div>\n<div class=\"right-block col-xs-4 col-sm-12 col-md-4\"><\/div>\n<\/div>\n<\/div>\n<p><a class=\"product_img_link\" title=\"YOKO TSUNO INTEGRAL\" href=\"https:\/\/www.comicalia.com\/bd-aventura\/26262-yoko-tsuno-integral-9781910856895.html\"><img data-recalc-dims=\"1\" loading=\"lazy\" decoding=\"async\" class=\"replace-2x img-responsive\" title=\"YOKO TSUNO INTEGRAL\" src=\"https:\/\/i0.wp.com\/www.comicalia.com\/26949-home_default\/yoko-tsuno-integral.jpg?resize=250%2C250&#038;ssl=1\" alt=\"YOKO TSUNO INTEGRAL\" width=\"250\" height=\"250\" \/><\/a><\/p>\n<p><a class=\"product-name\" title=\"YOKO TSUNO INTEGRAL\" href=\"https:\/\/www.comicalia.com\/bd-aventura\/26262-yoko-tsuno-integral-9781910856895.html\">YOKO TSUNO INTEGRAL<\/a><\/p>\n<div class=\"product-container\">\n<div class=\"row\">\n<div class=\"center-block col-xs-4 col-sm-7 col-md-4\">\n<p class=\"product-desc\">A dos millones de a\u00f1os luz de la Tierra, en el planeta Vinea, da comienzo una exploraci\u00f3n que pronto tornar\u00e1 en pesadilla.\u00a0<span class=\"price product-price\">34,00 \u20ac<\/span><\/p>\n<h4 class=\"product-desc\">DIBBUKS<\/h4>\n<\/div>\n<\/div>\n<\/div>\n<div class=\"product-container\">\n<div class=\"row\">\n<div class=\"left-block col-xs-4 col-sm-5 col-md-4\">\n<div class=\"product-image-container\"><a class=\"product_img_link\" title=\"CINCO RELATOS APASIONADOS\" href=\"https:\/\/www.comicalia.com\/bd-nueva-ola\/26261-cinco-relatos-apasionados-9788416507658.html\"><img data-recalc-dims=\"1\" loading=\"lazy\" decoding=\"async\" class=\"replace-2x img-responsive\" title=\"CINCO RELATOS APASIONADOS\" src=\"https:\/\/i0.wp.com\/www.comicalia.com\/26951-home_default\/cinco-relatos-apasionados.jpg?resize=250%2C250&#038;ssl=1\" alt=\"CINCO RELATOS APASIONADOS\" width=\"250\" height=\"250\" \/><\/a><\/div>\n<div class=\"product-image-container\"><a class=\"product-name\" title=\"CINCO RELATOS APASIONADOS\" href=\"https:\/\/www.comicalia.com\/bd-nueva-ola\/26261-cinco-relatos-apasionados-9788416507658.html\">CINCO RELATOS APASIONADOS<\/a><\/div>\n<\/div>\n<div class=\"center-block col-xs-4 col-sm-7 col-md-4\">\n<p class=\"product-desc\">\u00a1D\u00e9jate seducir por la lujuria y el erotismo!\u00a0<span class=\"price product-price\">14,00 \u20ac<\/span><\/p>\n<\/div>\n<\/div>\n<\/div>\n<div class=\"product-container\">\n<div class=\"row\">\n<div class=\"left-block col-xs-4 col-sm-5 col-md-4\">\n<div class=\"product-image-container\"><a class=\"product_img_link\" title=\"FUNERAL 3\" href=\"https:\/\/www.comicalia.com\/bd-nueva-ola\/26260-funeral-3-9788416507627.html\"><img data-recalc-dims=\"1\" loading=\"lazy\" decoding=\"async\" class=\"replace-2x img-responsive\" title=\"FUNERAL 3\" src=\"https:\/\/i0.wp.com\/www.comicalia.com\/26952-home_default\/funeral-3.jpg?resize=250%2C250&#038;ssl=1\" alt=\"FUNERAL 3\" width=\"250\" height=\"250\" \/><\/a><\/div>\n<div class=\"product-image-container\"><a class=\"product-name\" title=\"FUNERAL 3\" href=\"https:\/\/www.comicalia.com\/bd-nueva-ola\/26260-funeral-3-9788416507627.html\">FUNERAL 3<\/a><\/div>\n<\/div>\n<div class=\"center-block col-xs-4 col-sm-7 col-md-4\">\n<p class=\"product-desc\">Nuevas intrigas y luchas de poder en la tercera entrega de este \u00abspin off\u00bb de \u00abFreaks&#8217; Squeele\u00bb.\u00a0<span class=\"price product-price\">15,00 \u20ac<\/span><\/p>\n<h4 class=\"product-desc\">CAPIT\u00c1N SWING<\/h4>\n<\/div>\n<\/div>\n<\/div>\n<div class=\"product-container\">\n<div class=\"row\">\n<div class=\"left-block col-xs-4 col-sm-5 col-md-4\">\n<div class=\"product-image-container\"><a class=\"product_img_link\" title=\"PA\u00cdS EN LLAMAS\" href=\"https:\/\/www.comicalia.com\/narrativa\/26259-pais-en-llamas-9788494645372.html\"><img data-recalc-dims=\"1\" loading=\"lazy\" decoding=\"async\" class=\"replace-2x img-responsive\" title=\"PA\u00cdS EN LLAMAS\" src=\"https:\/\/i0.wp.com\/www.comicalia.com\/26953-home_default\/pais-en-llamas.jpg?resize=250%2C250&#038;ssl=1\" alt=\"PA\u00cdS EN LLAMAS\" width=\"250\" height=\"250\" \/><\/a><\/div>\n<div class=\"product-image-container\"><a class=\"product-name\" title=\"PA\u00cdS EN LLAMAS\" href=\"https:\/\/www.comicalia.com\/narrativa\/26259-pais-en-llamas-9788494645372.html\">PA\u00cdS EN LLAMAS<\/a><\/div>\n<\/div>\n<div class=\"center-block col-xs-4 col-sm-7 col-md-4\">\n<p class=\"product-desc\">UNA L\u00daCIDA EXPLICACI\u00d3N DE LA REVUELTA CONTRA EL R\u00c9GIMEN DE AL ASSAD Y C\u00d3MO SE CONVIRTI\u00d3; EN UNA GUERRA CIVIL. \u00a020,00 \u20ac<\/p>\n<h4 class=\"product-desc\">IMPEDIMENTA<\/h4>\n<\/div>\n<\/div>\n<\/div>\n<div class=\"product-container\">\n<div class=\"row\">\n<div class=\"left-block col-xs-4 col-sm-5 col-md-4\">\n<div class=\"product-image-container\"><a class=\"product_img_link\" title=\"LA LEVEDAD\" href=\"https:\/\/www.comicalia.com\/bd-nueva-ola\/26258-la-levedad-9788416542857.html\"><img data-recalc-dims=\"1\" loading=\"lazy\" decoding=\"async\" class=\"replace-2x img-responsive\" title=\"LA LEVEDAD\" src=\"https:\/\/i0.wp.com\/www.comicalia.com\/26948-home_default\/la-levedad.jpg?resize=250%2C250&#038;ssl=1\" alt=\"LA LEVEDAD\" width=\"250\" height=\"250\" \/><\/a><\/div>\n<div class=\"product-image-container\"><a class=\"product-name\" title=\"LA LEVEDAD\" href=\"https:\/\/www.comicalia.com\/bd-nueva-ola\/26258-la-levedad-9788416542857.html\">LA LEVEDAD<\/a><\/div>\n<\/div>\n<div class=\"center-block col-xs-4 col-sm-7 col-md-4\">\n<p class=\"product-desc\">M\u00e1s de 80.000 ejemplares vendidos en Francia. El testimonio en primera persona de la tragedia de \u00abCharlie Hebdo\u00bb y de c\u00f3mo el arte puede sanar todas las tragedias.\u00a0<span class=\"price product-price\">24,95 \u20ac<\/span><\/p>\n<h4 class=\"product-desc\">MEDUSA COMICS<\/h4>\n<\/div>\n<\/div>\n<\/div>\n<div class=\"product-container\">\n<div class=\"row\">\n<div class=\"left-block col-xs-4 col-sm-5 col-md-4\">\n<div class=\"product-image-container\"><a class=\"product_img_link\" title=\"FAITH 1\" href=\"https:\/\/www.comicalia.com\/superheroes-otros-universos\/26257-faith-1-9788417036072.html\"><img data-recalc-dims=\"1\" loading=\"lazy\" decoding=\"async\" class=\"replace-2x img-responsive\" title=\"FAITH 1\" src=\"https:\/\/i0.wp.com\/www.comicalia.com\/26954-home_default\/faith-1.jpg?resize=250%2C250&#038;ssl=1\" alt=\"FAITH 1\" width=\"250\" height=\"250\" \/><\/a><\/div>\n<div class=\"product-image-container\"><a class=\"product-name\" title=\"FAITH 1\" href=\"https:\/\/www.comicalia.com\/superheroes-otros-universos\/26257-faith-1-9788417036072.html\">FAITH 1<\/a><\/div>\n<\/div>\n<div class=\"center-block col-xs-4 col-sm-7 col-md-4\">\n<p class=\"product-desc\">LANZAMIENTO DEL UNIVERSO VALIANT. \u00a1Faith est\u00e1 a punto de comenzar! El personaje m\u00e1s aclamado de Valiant sale de Harbinger\u2026 \u00a1para vivir sus propias aventuras!\u00a0<span class=\"price product-price\">1,00 \u20ac<br \/>\n<\/span><\/p>\n<\/div>\n<\/div>\n<\/div>\n<div class=\"product-container\">\n<div class=\"row\">\n<div class=\"left-block col-xs-4 col-sm-5 col-md-4\">\n<div class=\"product-image-container\"><a class=\"product_img_link\" title=\"DOCTORA MIRAGE - DESAF\u00cdA A LA MUERTE\" href=\"https:\/\/www.comicalia.com\/superheroes-otros-universos\/26256-doctora-mirage-desafia-a-la-muerte-9788417036201.html\"><img data-recalc-dims=\"1\" loading=\"lazy\" decoding=\"async\" class=\"replace-2x img-responsive\" title=\"DOCTORA MIRAGE - DESAF\u00cdA A LA MUERTE\" src=\"https:\/\/i0.wp.com\/www.comicalia.com\/26947-home_default\/doctora-mirage-desafia-a-la-muerte.jpg?resize=250%2C250&#038;ssl=1\" alt=\"DOCTORA MIRAGE - DESAF\u00cdA A LA MUERTE\" width=\"250\" height=\"250\" \/><\/a><\/div>\n<div class=\"product-image-container\"><a class=\"product-name\" title=\"DOCTORA MIRAGE - DESAF\u00cdA A LA MUERTE\" href=\"https:\/\/www.comicalia.com\/superheroes-otros-universos\/26256-doctora-mirage-desafia-a-la-muerte-9788417036201.html\">DOCTORA MIRAGE &#8211; DESAF\u00cdA A LA MUERTE<\/a><\/div>\n<\/div>\n<div class=\"center-block col-xs-4 col-sm-7 col-md-4\">\n<p class=\"product-desc\">La muerte fue solo el principio. Llega uno de los personajes m\u00e1s enigm\u00e1ticos e inquietantes del Universo Valiant. Pr\u00f3xima adaptaci\u00f3n a serie de televisi\u00f3n.\u00a0<span class=\"price product-price\">13,95 \u20ac<\/span><\/p>\n<\/div>\n<\/div>\n<\/div>\n<div class=\"product-container\">\n<div class=\"row\">\n<div class=\"left-block col-xs-4 col-sm-5 col-md-4\">\n<div class=\"product-image-container\"><a class=\"product_img_link\" title=\"THE VALIANT\" href=\"https:\/\/www.comicalia.com\/superheroes-otros-universos\/26255-the-valiant-9788417036195.html\"><img data-recalc-dims=\"1\" loading=\"lazy\" decoding=\"async\" class=\"replace-2x img-responsive\" title=\"THE VALIANT\" src=\"https:\/\/i0.wp.com\/www.comicalia.com\/26946-home_default\/the-valiant.jpg?resize=250%2C250&#038;ssl=1\" alt=\"THE VALIANT\" width=\"250\" height=\"250\" \/><\/a><\/div>\n<div class=\"product-image-container\"><a class=\"product-name\" title=\"THE VALIANT\" href=\"https:\/\/www.comicalia.com\/superheroes-otros-universos\/26255-the-valiant-9788417036195.html\">THE VALIANT<\/a><\/div>\n<\/div>\n<div class=\"center-block col-xs-4 col-sm-7 col-md-4\">\n<p class=\"product-desc\">\u00abThe Valiant\u00bb es un tomo autoconclusivo, nominado a siete premios Harvey, que re\u00fane en un espectacular evento a los principales h\u00e9roes del Universo Valiant.\u00a0<span class=\"price product-price\">12,95 \u20ac<\/span><\/p>\n<\/div>\n<\/div>\n<\/div>\n<div class=\"product-container\">\n<div class=\"row\">\n<div class=\"left-block col-xs-4 col-sm-5 col-md-4\">\n<div class=\"product-image-container\"><a class=\"product_img_link\" title=\"XO MANOWAR 1\" href=\"https:\/\/www.comicalia.com\/superheroes-otros-universos\/26254-xo-manowar-1-9788417036164.html\"><img data-recalc-dims=\"1\" loading=\"lazy\" decoding=\"async\" class=\"replace-2x img-responsive\" title=\"XO MANOWAR 1\" src=\"https:\/\/i0.wp.com\/www.comicalia.com\/26944-home_default\/xo-manowar-1.jpg?resize=250%2C250&#038;ssl=1\" alt=\"XO MANOWAR 1\" width=\"250\" height=\"250\" \/><\/a><\/div>\n<div class=\"product-image-container\"><a class=\"product-name\" title=\"XO MANOWAR 1\" href=\"https:\/\/www.comicalia.com\/superheroes-otros-universos\/26254-xo-manowar-1-9788417036164.html\">XO MANOWAR 1<\/a><\/div>\n<\/div>\n<div class=\"center-block col-xs-4 col-sm-7 col-md-4\">\n<p class=\"product-desc\">LANZAMIENTO DEL UNIVERSO VALIANT. Un impresionante nuevo inicio para el personaje m\u00e1s ic\u00f3nico de Valiant, XO Manowar.\u00a0<span class=\"price product-price\">1,00 \u20ac<\/span><\/p>\n<\/div>\n<\/div>\n<\/div>\n<div class=\"product-container\">\n<div class=\"row\">\n<div class=\"left-block col-xs-4 col-sm-5 col-md-4\">\n<div class=\"product-image-container\"><a class=\"product_img_link\" title=\"HARBINGER RENEGADE 1\" href=\"https:\/\/www.comicalia.com\/superheroes-otros-universos\/26253-harbinger-renegade-1-9788417036133.html\"><img data-recalc-dims=\"1\" loading=\"lazy\" decoding=\"async\" class=\"replace-2x img-responsive\" title=\"HARBINGER RENEGADE 1\" src=\"https:\/\/i0.wp.com\/www.comicalia.com\/26943-home_default\/harbinger-renegade-1.jpg?resize=250%2C250&#038;ssl=1\" alt=\"HARBINGER RENEGADE 1\" width=\"250\" height=\"250\" \/><\/a><\/div>\n<div class=\"product-image-container\"><a class=\"product-name\" title=\"HARBINGER RENEGADE 1\" href=\"https:\/\/www.comicalia.com\/superheroes-otros-universos\/26253-harbinger-renegade-1-9788417036133.html\">HARBINGER RENEGADE 1<\/a><\/div>\n<\/div>\n<div class=\"center-block col-xs-4 col-sm-7 col-md-4\">\n<p class=\"product-desc\">LANZAMIENTO DEL UNIVERSO VALIANT. Llega la nueva serie del superequipo m\u00e1s intr\u00e9pido del mundo del c\u00f3mic.\u00a0<span class=\"price product-price\">1,00 \u20ac<\/span><\/p>\n<\/div>\n<\/div>\n<\/div>\n<div class=\"product-container\">\n<div class=\"row\">\n<div class=\"left-block col-xs-4 col-sm-5 col-md-4\">\n<div class=\"product-image-container\"><a class=\"product_img_link\" title=\"GENERATION ZERO 1\" href=\"https:\/\/www.comicalia.com\/superheroes-otros-universos\/26252-generation-zero-1-9788417036102.html\"><img data-recalc-dims=\"1\" loading=\"lazy\" decoding=\"async\" class=\"replace-2x img-responsive\" title=\"GENERATION ZERO 1\" src=\"https:\/\/i0.wp.com\/www.comicalia.com\/26945-home_default\/generation-zero-1.jpg?resize=250%2C250&#038;ssl=1\" alt=\"GENERATION ZERO 1\" width=\"250\" height=\"250\" \/><\/a><\/div>\n<div class=\"product-image-container\"><a class=\"product-name\" title=\"GENERATION ZERO 1\" href=\"https:\/\/www.comicalia.com\/superheroes-otros-universos\/26252-generation-zero-1-9788417036102.html\">GENERATION ZERO 1<\/a><\/div>\n<\/div>\n<div class=\"center-block col-xs-4 col-sm-7 col-md-4\">\n<p class=\"product-desc\">LANZAMIENTO DEL UNIVERSO VALIANT. Si tienes un problema\u2026 Y si tu caso vale la pena\u2026 Date de alta en la red #ZERO\u2026 Porque la Generaci\u00f3n Cero est\u00e1 a la escucha.\u00a0<span class=\"price product-price\">1,00 \u20ac<\/span><\/p>\n<h4 class=\"product-desc\">LIBROS DEL ASTEROIDE<\/h4>\n<\/div>\n<\/div>\n<\/div>\n<div class=\"product-container\">\n<div class=\"row\">\n<div class=\"left-block col-xs-4 col-sm-5 col-md-4\">\n<div class=\"product-image-container\"><a class=\"product_img_link\" title=\"El meteor\u00f3logo\" href=\"https:\/\/www.comicalia.com\/narrativa\/26251-el-meteorologo-9788417007034.html\"><img data-recalc-dims=\"1\" loading=\"lazy\" decoding=\"async\" class=\"replace-2x img-responsive\" title=\"EL METEOR\u00d3LOGO\" src=\"https:\/\/i0.wp.com\/www.comicalia.com\/26942-home_default\/el-meteorologo.jpg?resize=250%2C250&#038;ssl=1\" alt=\"EL METEOR\u00d3LOGO\" width=\"250\" height=\"250\" \/><\/a><\/div>\n<div class=\"product-image-container\"><a class=\"product-name\" title=\"El meteor\u00f3logo\" href=\"https:\/\/www.comicalia.com\/narrativa\/26251-el-meteorologo-9788417007034.html\">El meteor\u00f3logo<\/a><\/div>\n<\/div>\n<div class=\"center-block col-xs-4 col-sm-7 col-md-4\">\n<p class=\"product-desc\">Una emocionante investigaci\u00f3n sobre el destino de un hombre idealista durante el estalinismo.\u00a0<span class=\"price product-price\">18,95 \u20ac<\/span><\/p>\n<\/div>\n<\/div>\n<\/div>\n","protected":false},"excerpt":{"rendered":"<p>ERRATA NATURAE REGRESO A TWIN PEAKS Coincidiendo con el estreno de la esperada tercera temporada de la obra de culto de David Lynch, publicamos un nuevo volumen en nuestra popular colecci\u00f3n de series. 20,00 \u20ac&hellip; <a class=\"read-more-link\" href=\"https:\/\/www.atomcomics.net\/blog\/2017\/04\/25\/novedad-saludad-a-valiant\/\">(seguir leyendo)<\/a><\/p>\n","protected":false},"author":1,"featured_media":9921,"comment_status":"closed","ping_status":"open","sticky":false,"template":"","format":"standard","meta":{"jetpack_post_was_ever_published":false,"_jetpack_newsletter_access":"","_jetpack_dont_email_post_to_subs":false,"_jetpack_newsletter_tier_id":0,"_jetpack_memberships_contains_paywalled_content":false,"_jetpack_memberships_contains_paid_content":false,"footnotes":"","jetpack_publicize_message":"","jetpack_publicize_feature_enabled":true,"jetpack_social_post_already_shared":true,"jetpack_social_options":{"image_generator_settings":{"template":"highway","default_image_id":0,"font":"","enabled":false},"version":2}},"categories":[3],"tags":[],"class_list":["post-9646","post","type-post","status-publish","format-standard","has-post-thumbnail","hentry","category-novedades"],"jetpack_publicize_connections":[],"jetpack_featured_media_url":"https:\/\/i0.wp.com\/www.atomcomics.net\/blog\/wp-content\/uploads\/logonegro.png?fit=473%2C191&ssl=1","jetpack_shortlink":"https:\/\/wp.me\/p53Ua-2vA","jetpack-related-posts":[],"jetpack_sharing_enabled":true,"_links":{"self":[{"href":"https:\/\/www.atomcomics.net\/blog\/wp-json\/wp\/v2\/posts\/9646","targetHints":{"allow":["GET"]}}],"collection":[{"href":"https:\/\/www.atomcomics.net\/blog\/wp-json\/wp\/v2\/posts"}],"about":[{"href":"https:\/\/www.atomcomics.net\/blog\/wp-json\/wp\/v2\/types\/post"}],"author":[{"embeddable":true,"href":"https:\/\/www.atomcomics.net\/blog\/wp-json\/wp\/v2\/users\/1"}],"replies":[{"embeddable":true,"href":"https:\/\/www.atomcomics.net\/blog\/wp-json\/wp\/v2\/comments?post=9646"}],"version-history":[{"count":2,"href":"https:\/\/www.atomcomics.net\/blog\/wp-json\/wp\/v2\/posts\/9646\/revisions"}],"predecessor-version":[{"id":9648,"href":"https:\/\/www.atomcomics.net\/blog\/wp-json\/wp\/v2\/posts\/9646\/revisions\/9648"}],"wp:featuredmedia":[{"embeddable":true,"href":"https:\/\/www.atomcomics.net\/blog\/wp-json\/wp\/v2\/media\/9921"}],"wp:attachment":[{"href":"https:\/\/www.atomcomics.net\/blog\/wp-json\/wp\/v2\/media?parent=9646"}],"wp:term":[{"taxonomy":"category","embeddable":true,"href":"https:\/\/www.atomcomics.net\/blog\/wp-json\/wp\/v2\/categories?post=9646"},{"taxonomy":"post_tag","embeddable":true,"href":"https:\/\/www.atomcomics.net\/blog\/wp-json\/wp\/v2\/tags?post=9646"}],"curies":[{"name":"wp","href":"https:\/\/api.w.org\/{rel}","templated":true}]}}