{"id":9652,"date":"2017-05-03T17:25:15","date_gmt":"2017-05-03T15:25:15","guid":{"rendered":"http:\/\/www.atomcomics.net\/?p=9652"},"modified":"2017-08-22T17:25:47","modified_gmt":"2017-08-22T15:25:47","slug":"6-de-mayo-presentacion-cuentos-impopulares","status":"publish","type":"post","link":"https:\/\/www.atomcomics.net\/blog\/2017\/05\/03\/6-de-mayo-presentacion-cuentos-impopulares\/","title":{"rendered":"6 de Mayo: Presentaci\u00f3n Cuentos Impopulares"},"content":{"rendered":"<p>El pr\u00f3ximo <strong>6 de Mayo a las 18.30h<\/strong> nos visitar\u00e1<em><strong> Christian Douglas<\/strong> <\/em>para hablarnos de muchas cosas, entre ellas de <em><strong>Cuentos Impopulares<\/strong> <\/em>su m\u00e1s reciente obra.<\/p>\n<p><em>Paco Illescas<\/em> moderar\u00e1 la charla, donde se hablaremos del proceso creativo, el imaginario colectivo o lo que surja. Adem\u00e1s, prometen un sorteo. \u00a0Un planazo.<\/p>\n<p style=\"text-align: center;\"><strong>S\u00e1bado 6 de Mayo. 18.30h en\u00a0<\/strong><strong>ATOM COMICS (Bilbao) c\/ Fuencarral 134 (entrada por Alburquerque):<\/strong><\/p>\n<h6 style=\"text-align: center;\"><strong>PRESENTACI\u00d3N CUENTOS IMPOPULARES<img data-recalc-dims=\"1\" loading=\"lazy\" decoding=\"async\" data-attachment-id=\"9653\" data-permalink=\"https:\/\/www.atomcomics.net\/blog\/2017\/05\/03\/6-de-mayo-presentacion-cuentos-impopulares\/img-20170428-wa0001\/\" data-orig-file=\"https:\/\/i0.wp.com\/www.atomcomics.net\/blog\/wp-content\/uploads\/IMG-20170428-WA0001.jpg?fit=1600%2C900&amp;ssl=1\" data-orig-size=\"1600,900\" data-comments-opened=\"0\" data-image-meta=\"{&quot;aperture&quot;:&quot;0&quot;,&quot;credit&quot;:&quot;&quot;,&quot;camera&quot;:&quot;&quot;,&quot;caption&quot;:&quot;&quot;,&quot;created_timestamp&quot;:&quot;0&quot;,&quot;copyright&quot;:&quot;&quot;,&quot;focal_length&quot;:&quot;0&quot;,&quot;iso&quot;:&quot;0&quot;,&quot;shutter_speed&quot;:&quot;0&quot;,&quot;title&quot;:&quot;&quot;,&quot;orientation&quot;:&quot;1&quot;}\" data-image-title=\"IMG-20170428-WA0001\" data-image-description=\"\" data-image-caption=\"\" data-medium-file=\"https:\/\/i0.wp.com\/www.atomcomics.net\/blog\/wp-content\/uploads\/IMG-20170428-WA0001.jpg?fit=744%2C419&amp;ssl=1\" data-large-file=\"https:\/\/i0.wp.com\/www.atomcomics.net\/blog\/wp-content\/uploads\/IMG-20170428-WA0001.jpg?fit=1200%2C675&amp;ssl=1\" class=\"aligncenter size-thumbnail wp-image-9653\" src=\"https:\/\/i0.wp.com\/www.atomcomics.net\/wp-content\/uploads\/IMG-20170428-WA0001-420x236.jpg?resize=420%2C236\" alt=\"\" width=\"420\" height=\"236\" srcset=\"https:\/\/i0.wp.com\/www.atomcomics.net\/blog\/wp-content\/uploads\/IMG-20170428-WA0001.jpg?resize=420%2C236&amp;ssl=1 420w, https:\/\/i0.wp.com\/www.atomcomics.net\/blog\/wp-content\/uploads\/IMG-20170428-WA0001.jpg?resize=744%2C419&amp;ssl=1 744w, https:\/\/i0.wp.com\/www.atomcomics.net\/blog\/wp-content\/uploads\/IMG-20170428-WA0001.jpg?resize=768%2C432&amp;ssl=1 768w, https:\/\/i0.wp.com\/www.atomcomics.net\/blog\/wp-content\/uploads\/IMG-20170428-WA0001.jpg?resize=1200%2C675&amp;ssl=1 1200w, https:\/\/i0.wp.com\/www.atomcomics.net\/blog\/wp-content\/uploads\/IMG-20170428-WA0001.jpg?w=1600&amp;ssl=1 1600w\" sizes=\"auto, (max-width: 420px) 100vw, 420px\" \/><\/strong><\/h6>\n","protected":false},"excerpt":{"rendered":"<p>El pr\u00f3ximo 6 de Mayo a las 18.30h nos visitar\u00e1 Christian Douglas para hablarnos de muchas cosas, entre ellas de Cuentos Impopulares su m\u00e1s reciente obra. Paco Illescas moderar\u00e1 la charla, donde se hablaremos del&hellip; <a class=\"read-more-link\" href=\"https:\/\/www.atomcomics.net\/blog\/2017\/05\/03\/6-de-mayo-presentacion-cuentos-impopulares\/\">(seguir leyendo)<\/a><\/p>\n","protected":false},"author":1,"featured_media":9921,"comment_status":"closed","ping_status":"open","sticky":false,"template":"","format":"standard","meta":{"jetpack_post_was_ever_published":false,"_jetpack_newsletter_access":"","_jetpack_dont_email_post_to_subs":false,"_jetpack_newsletter_tier_id":0,"_jetpack_memberships_contains_paywalled_content":false,"_jetpack_memberships_contains_paid_content":false,"footnotes":"","jetpack_publicize_message":"","jetpack_publicize_feature_enabled":true,"jetpack_social_post_already_shared":true,"jetpack_social_options":{"image_generator_settings":{"template":"highway","default_image_id":0,"font":"","enabled":false},"version":2}},"categories":[6],"tags":[],"class_list":["post-9652","post","type-post","status-publish","format-standard","has-post-thumbnail","hentry","category-noticias"],"jetpack_publicize_connections":[],"jetpack_featured_media_url":"https:\/\/i0.wp.com\/www.atomcomics.net\/blog\/wp-content\/uploads\/logonegro.png?fit=473%2C191&ssl=1","jetpack_shortlink":"https:\/\/wp.me\/p53Ua-2vG","jetpack-related-posts":[{"id":9671,"url":"https:\/\/www.atomcomics.net\/blog\/2017\/05\/05\/novedad-empezamos\/","url_meta":{"origin":9652,"position":0},"title":"Novedad: \u00bfEmpezamos o terminamos?","author":"ATOM COMICS","date":"5, mayo, 2017","format":false,"excerpt":"EOLAS BERNIE WRIGHTSON, LA EXPRESION DEL HORROR 22,00 \u20ac MONTENA NO ME HABLES DE... POLITICA 12,95 \u20ac NOCTURNA Fuego \u00abSi a\u00fan no tienes FUEGO, lo necesitas\u00bb. GEORGE R. R. MARTIN. \u00a1Llega a Espa\u00f1a el abrasador \u00e9xito editorial de Joe Hill que ser\u00e1 llevado al cine por la 20th CENTURY FOX!\u2026","rel":"","context":"Entrada similar","block_context":{"text":"Entrada similar","link":""},"img":{"alt_text":"BERNIE WRIGHTSON, LA EXPRESION DEL HORROR","src":"https:\/\/i0.wp.com\/www.comicalia.com\/27101-home_default\/bernie-wrightson-la-expresion-del-horror.jpg?resize=350%2C200&ssl=1","width":350,"height":200},"classes":[]},{"id":9664,"url":"https:\/\/www.atomcomics.net\/blog\/2017\/05\/04\/novedad-mas-lectura-que-lectores\/","url_meta":{"origin":9652,"position":1},"title":"Novedad: M\u00e1s lectura que lectores","author":"ATOM COMICS","date":"4, mayo, 2017","format":false,"excerpt":"NOW EVOLUTION CUENTOS IMPOPULARES VOL 1: CAPERUCITA ROJA 12,00 \u20ac RANDOM HOUSE CUTTLAS\u00a024,95 \u20ac THULE Querida t\u00eda Agatha 17,95 \u20ac BLACKIE BOOKS Esta canci\u00f3n me recuerda a m\u00ed 19,00 \u20ac VALDEMAR El demonio del movimiento ...\"y otros relatos de la zona oscura\".\u00a021,00 \u20ac Invasiones 14,50 \u20ac Malos sue\u00f1os Los mejores\u2026","rel":"","context":"En \u00abNovedades\u00bb","block_context":{"text":"Novedades","link":"https:\/\/www.atomcomics.net\/blog\/category\/novedades\/"},"img":{"alt_text":"CUENTOS IMPOPULARES VOL 1: CAPERUCITA ROJA","src":"https:\/\/i0.wp.com\/www.comicalia.com\/27083-home_default\/cuentos-impopulares-vol-1-caperucita-roja.jpg?resize=350%2C200&ssl=1","width":350,"height":200},"classes":[]},{"id":11853,"url":"https:\/\/www.atomcomics.net\/blog\/2019\/05\/14\/presentacion-el-churro-ilustrado-viernes-24-de-mayo\/","url_meta":{"origin":9652,"position":2},"title":"Presentaci\u00f3n El Churro Ilustrado &#8211; Viernes 24 de Mayo","author":"ATOM COMICS","date":"14, mayo, 2019","format":false,"excerpt":"El Churro Ilustrado: \u00a1Otro tebeo sobre la Guerra Civil! Hace ya 80 a\u00f1os que Espa\u00f1a se fue a la cama con el Franquismo. \u201cEsto no es lo que parece\u201d, exclam\u00f3 al ser sorprendida por la Rep\u00fablica.Menudo golpe se llev\u00f3 la pobre. El Churro Ilustrado ha regresado de la mano de\u2026","rel":"","context":"Entrada similar","block_context":{"text":"Entrada similar","link":""},"img":{"alt_text":"","src":"https:\/\/i0.wp.com\/www.atomcomics.net\/blog\/wp-content\/uploads\/PROMO-atomcomics-MAYO.jpg?fit=1200%2C1138&ssl=1&resize=350%2C200","width":350,"height":200,"srcset":"https:\/\/i0.wp.com\/www.atomcomics.net\/blog\/wp-content\/uploads\/PROMO-atomcomics-MAYO.jpg?fit=1200%2C1138&ssl=1&resize=350%2C200 1x, https:\/\/i0.wp.com\/www.atomcomics.net\/blog\/wp-content\/uploads\/PROMO-atomcomics-MAYO.jpg?fit=1200%2C1138&ssl=1&resize=525%2C300 1.5x, https:\/\/i0.wp.com\/www.atomcomics.net\/blog\/wp-content\/uploads\/PROMO-atomcomics-MAYO.jpg?fit=1200%2C1138&ssl=1&resize=700%2C400 2x, https:\/\/i0.wp.com\/www.atomcomics.net\/blog\/wp-content\/uploads\/PROMO-atomcomics-MAYO.jpg?fit=1200%2C1138&ssl=1&resize=1050%2C600 3x"},"classes":[]},{"id":8758,"url":"https:\/\/www.atomcomics.net\/blog\/2016\/05\/10\/cla-2-viernes-13-blacksad-artic-nation\/","url_meta":{"origin":9652,"position":3},"title":"CLA 2: Viernes 13 &#8211; Blacksad Artic Nation","author":"ATOM COMICS","date":"10, mayo, 2016","format":false,"excerpt":"Nueva cita del Club de Lectura At\u00f3mico: El Viernes 13 de Mayo a las 18.30h repasaremos Blacksad Artic Nation\u00a0junto a Luigi Benedicto Borges (El Mundo), Javier \u00a0Gonz\u00e1lez (Suxinsu)\u00a0y Juan D\u00edaz Canales (guionista de la obra). BLACKSAD 02: ARCTIC NATION \u00c9l es un detective privado sombr\u00edo,ataviado con una gabardina t\u00edpica de\u2026","rel":"","context":"Entrada similar","block_context":{"text":"Entrada similar","link":""},"img":{"alt_text":"blacksad-2-arctic-nation","src":"https:\/\/i0.wp.com\/www.atomcomics.net\/wp-content\/uploads\/blacksad-2-arctic-nation.jpg?resize=350%2C200","width":350,"height":200},"classes":[]},{"id":9458,"url":"https:\/\/www.atomcomics.net\/blog\/2017\/02\/02\/presentacion-de-disparen-al-humorista-jueves-2-18-30h\/","url_meta":{"origin":9652,"position":4},"title":"Presentaci\u00f3n de Disparen al humorista -HOY  Jueves 2 18.30h","author":"ATOM COMICS","date":"2, febrero, 2017","format":false,"excerpt":"Dar\u00edo Adanti viene a Atom C\u00f3mics a presentarnos su nueva obra \"Disparen al humorista\" y nosotros somos felices por ello. Adem\u00e1s, promete invitados, debate, sorpresas y mucho m\u00e1s. As\u00ed que no os lo pod\u00e9is perder. Hoy Jueves 2 de Febrero a las 18.30h en Atom C\u00f3mics\u00a0c\/ Fuencarral 134 (entrada por\u2026","rel":"","context":"En \u00abNoticias\u00bb","block_context":{"text":"Noticias","link":"https:\/\/www.atomcomics.net\/blog\/category\/noticias\/"},"img":{"alt_text":"","src":"http:\/\/www.atomcomics.net\/wp-content\/uploads\/CARTEL-PRESENTACIO?N-MADRID-420x624.jpg","width":350,"height":200},"classes":[]},{"id":11425,"url":"https:\/\/www.atomcomics.net\/blog\/2018\/11\/19\/viernes-30-presentacion-de-la-brigada-lincoln\/","url_meta":{"origin":9652,"position":5},"title":"Viernes 30: Presentaci\u00f3n de La Brigada Lincoln","author":"ATOM COMICS","date":"19, noviembre, 2018","format":false,"excerpt":"Os invitamos a todos a la presentaci\u00f3n de\u00a0LA BRIGADA LINCOLN:\u00a0 La impresionante y conmovedora historia de los 3.000 heroicos voluntarios estadounidenses que llegaron a Espa\u00f1a en 1937 para luchar contra el fascismo durante la Guerra Civil al lado del Gobierno de la Rep\u00fablica, elegido democr\u00e1ticamente. Contaremos con la presencia de\u2026","rel":"","context":"En \u00abNoticias\u00bb","block_context":{"text":"Noticias","link":"https:\/\/www.atomcomics.net\/blog\/category\/noticias\/"},"img":{"alt_text":"","src":"https:\/\/i0.wp.com\/www.atomcomics.net\/blog\/wp-content\/uploads\/banneratom.jpg?fit=1200%2C533&ssl=1&resize=350%2C200","width":350,"height":200,"srcset":"https:\/\/i0.wp.com\/www.atomcomics.net\/blog\/wp-content\/uploads\/banneratom.jpg?fit=1200%2C533&ssl=1&resize=350%2C200 1x, https:\/\/i0.wp.com\/www.atomcomics.net\/blog\/wp-content\/uploads\/banneratom.jpg?fit=1200%2C533&ssl=1&resize=525%2C300 1.5x, https:\/\/i0.wp.com\/www.atomcomics.net\/blog\/wp-content\/uploads\/banneratom.jpg?fit=1200%2C533&ssl=1&resize=700%2C400 2x, https:\/\/i0.wp.com\/www.atomcomics.net\/blog\/wp-content\/uploads\/banneratom.jpg?fit=1200%2C533&ssl=1&resize=1050%2C600 3x"},"classes":[]}],"jetpack_sharing_enabled":true,"_links":{"self":[{"href":"https:\/\/www.atomcomics.net\/blog\/wp-json\/wp\/v2\/posts\/9652","targetHints":{"allow":["GET"]}}],"collection":[{"href":"https:\/\/www.atomcomics.net\/blog\/wp-json\/wp\/v2\/posts"}],"about":[{"href":"https:\/\/www.atomcomics.net\/blog\/wp-json\/wp\/v2\/types\/post"}],"author":[{"embeddable":true,"href":"https:\/\/www.atomcomics.net\/blog\/wp-json\/wp\/v2\/users\/1"}],"replies":[{"embeddable":true,"href":"https:\/\/www.atomcomics.net\/blog\/wp-json\/wp\/v2\/comments?post=9652"}],"version-history":[{"count":4,"href":"https:\/\/www.atomcomics.net\/blog\/wp-json\/wp\/v2\/posts\/9652\/revisions"}],"predecessor-version":[{"id":9663,"href":"https:\/\/www.atomcomics.net\/blog\/wp-json\/wp\/v2\/posts\/9652\/revisions\/9663"}],"wp:featuredmedia":[{"embeddable":true,"href":"https:\/\/www.atomcomics.net\/blog\/wp-json\/wp\/v2\/media\/9921"}],"wp:attachment":[{"href":"https:\/\/www.atomcomics.net\/blog\/wp-json\/wp\/v2\/media?parent=9652"}],"wp:term":[{"taxonomy":"category","embeddable":true,"href":"https:\/\/www.atomcomics.net\/blog\/wp-json\/wp\/v2\/categories?post=9652"},{"taxonomy":"post_tag","embeddable":true,"href":"https:\/\/www.atomcomics.net\/blog\/wp-json\/wp\/v2\/tags?post=9652"}],"curies":[{"name":"wp","href":"https:\/\/api.w.org\/{rel}","templated":true}]}}