{"id":9824,"date":"2017-07-11T09:51:47","date_gmt":"2017-07-11T08:51:47","guid":{"rendered":"http:\/\/www.atomcomics.net\/?p=9824"},"modified":"2017-08-18T17:59:23","modified_gmt":"2017-08-18T16:59:23","slug":"novedad-ecc-vuelve-se-fue","status":"publish","type":"post","link":"https:\/\/www.atomcomics.net\/blog\/2017\/07\/11\/novedad-ecc-vuelve-se-fue\/","title":{"rendered":"Novedad: ECC vuelve \u00bfse fue?"},"content":{"rendered":"<div class=\"left-block col-xs-4 col-sm-5 col-md-4\">\n<h4>ECC<\/h4>\n<div class=\"product-image-container\"><a class=\"product_img_link\" title=\"BATMAN Y SUPERMAN - COLECCI\u00d3N NOVELAS GR\u00c1FICAS N\u00daMERO 14: SUPERMAN: DESENCADENADO (PARTE 1)\" href=\"https:\/\/www.comicalia.com\/superheroes-dc\/27553-batman-y-superman-coleccion-novelas-graficas-numero-14-superman-desencadenado-parte-1-9788417063016.html\"><img data-recalc-dims=\"1\" loading=\"lazy\" decoding=\"async\" class=\"replace-2x img-responsive\" title=\"BATMAN Y SUPERMAN - COLECCI\u00d3N NOVELAS GR\u00c1FICAS N\u00daMERO 14: SUPERMAN: DESENCADENADO (PARTE 1)\" src=\"https:\/\/i0.wp.com\/www.comicalia.com\/28118-home_default\/batman-y-superman-coleccion-novelas-graficas-numero-14-superman-desencadenado-parte-1.jpg?resize=250%2C250&#038;ssl=1\" alt=\"BATMAN Y SUPERMAN - COLECCI\u00d3N NOVELAS GR\u00c1FICAS N\u00daMERO 14: SUPERMAN: DESENCADENADO (PARTE 1)\" width=\"250\" height=\"250\" \/><\/a><\/div>\n<div class=\"product-image-container\"><a class=\"product-name\" style=\"font-size: 18px; font-weight: bold;\" title=\"BATMAN Y SUPERMAN - COLECCI\u00d3N NOVELAS GR\u00c1FICAS N\u00daMERO 14: SUPERMAN: DESENCADENADO (PARTE 1)\" href=\"https:\/\/www.comicalia.com\/superheroes-dc\/27553-batman-y-superman-coleccion-novelas-graficas-numero-14-superman-desencadenado-parte-1-9788417063016.html\">BATMAN Y SUPERMAN &#8211; COLECCI\u00d3N NOVELAS&#8230;<\/a><\/div>\n<\/div>\n<div class=\"right-block col-xs-4 col-sm-12 col-md-4\">\n<div class=\"right-block-content row\">\n<div class=\"content_price col-xs-5 col-md-12\"><span class=\"price product-price\">12,99 \u20ac<\/span><\/div>\n<div>\n<div class=\"left-block col-xs-4 col-sm-5 col-md-4\">\n<div class=\"product-image-container\"><a class=\"product_img_link\" title=\"TEKKON KINKREET: ALL IN ONE\" href=\"https:\/\/www.comicalia.com\/manga-seinen\/27046-tekkon-kinkreet-all-in-one-9788417147402.html\"><img data-recalc-dims=\"1\" loading=\"lazy\" decoding=\"async\" class=\"replace-2x img-responsive\" title=\"TEKKON KINKREET: ALL IN ONE\" src=\"https:\/\/i0.wp.com\/www.comicalia.com\/27713-home_default\/tekkon-kinkreet-all-in-one.jpg?resize=250%2C250&#038;ssl=1\" alt=\"TEKKON KINKREET: ALL IN ONE\" width=\"250\" height=\"250\" \/><\/a><\/div>\n<div class=\"product-image-container\"><a class=\"product-name\" style=\"font-size: 18px; font-weight: bold;\" title=\"TEKKON KINKREET: ALL IN ONE\" href=\"https:\/\/www.comicalia.com\/manga-seinen\/27046-tekkon-kinkreet-all-in-one-9788417147402.html\">TEKKON KINKREET: ALL IN ONE<\/a><\/div>\n<\/div>\n<div class=\"center-block col-xs-4 col-sm-7 col-md-4\">\n<p class=\"product-desc\">ESPERADA EDICI\u00d3N. 24,95 \u20ac<\/p>\n<\/div>\n<div class=\"right-block col-xs-4 col-sm-12 col-md-4\">\n<div class=\"right-block-content row\">\n<div class=\"left-block col-xs-4 col-sm-5 col-md-4\">\n<div class=\"product-image-container\"><a class=\"product_img_link\" title=\"RAINBOW, LOS SIETE DE LA CELDA 6 BLOQUE 2 N\u00daM. 10 (DE 22) \" href=\"https:\/\/www.comicalia.com\/manga-seinen\/27045-rainbow-los-siete-de-la-celda-6-bloque-2-num-10-de-22-9788417147396.html\"><img data-recalc-dims=\"1\" loading=\"lazy\" decoding=\"async\" class=\"replace-2x img-responsive\" title=\"RAINBOW, LOS SIETE DE LA CELDA 6 BLOQUE 2 N\u00daM. 10 (DE 22) \" src=\"https:\/\/i0.wp.com\/www.comicalia.com\/27712-home_default\/rainbow-los-siete-de-la-celda-6-bloque-2-num-10-de-22.jpg?resize=250%2C250&#038;ssl=1\" alt=\"RAINBOW, LOS SIETE DE LA CELDA 6 BLOQUE 2 N\u00daM. 10 (DE 22) \" width=\"250\" height=\"250\" \/><\/a><\/div>\n<div class=\"product-image-container\"><a class=\"product-name\" style=\"font-size: 18px; font-weight: bold;\" title=\"RAINBOW, LOS SIETE DE LA CELDA 6 BLOQUE 2 N\u00daM. 10 (DE 22) \" href=\"https:\/\/www.comicalia.com\/manga-seinen\/27045-rainbow-los-siete-de-la-celda-6-bloque-2-num-10-de-22-9788417147396.html\">RAINBOW, LOS SIETE DE LA CELDA 6 BLOQUE 2&#8230;<\/a><\/div>\n<\/div>\n<div class=\"center-block col-xs-4 col-sm-7 col-md-4\">\n<p>DIGAMOS QUE&#8230; ES COMO SI FUERA DE LA FAMILIA. 8,95 \u20ac<\/p>\n<\/div>\n<div class=\"right-block col-xs-4 col-sm-12 col-md-4\">\n<div class=\"right-block-content row\">\n<div class=\"product-container\">\n<div class=\"row\">\n<div class=\"left-block col-xs-4 col-sm-5 col-md-4\">\n<div class=\"product-image-container\"><a class=\"product_img_link\" title=\"EL INFIERNO DE TOMINO N\u00daM. 2\" href=\"https:\/\/www.comicalia.com\/manga-seinen\/27042-el-infierno-de-tomino-num-2-9788417147389.html\"><img data-recalc-dims=\"1\" loading=\"lazy\" decoding=\"async\" class=\"replace-2x img-responsive\" title=\"EL INFIERNO DE TOMINO N\u00daM. 2\" src=\"https:\/\/i0.wp.com\/www.comicalia.com\/27745-home_default\/el-infierno-de-tomino-num-2.jpg?resize=250%2C250&#038;ssl=1\" alt=\"EL INFIERNO DE TOMINO N\u00daM. 2\" width=\"250\" height=\"250\" \/><\/a><\/div>\n<div class=\"product-image-container\"><a class=\"product-name\" style=\"font-size: 18px; font-weight: bold;\" title=\"EL INFIERNO DE TOMINO N\u00daM. 2\" href=\"https:\/\/www.comicalia.com\/manga-seinen\/27042-el-infierno-de-tomino-num-2-9788417147389.html\">EL INFIERNO DE TOMINO N\u00daM. 2<\/a><\/div>\n<\/div>\n<div class=\"center-block col-xs-4 col-sm-7 col-md-4\">\n<p class=\"product-desc\">LA NUEVA OBRA DEL CREADOR DE \u00abINFIERNO EMBOTELLADO\u00bb. 12,95 \u20ac<\/p>\n<p class=\"product-desc\"><a class=\"product_img_link\" title=\"DEATHCO N\u00daM. 4\" href=\"https:\/\/www.comicalia.com\/manga-seinen\/27041-deathco-num-4-9788417147372.html\"><img data-recalc-dims=\"1\" loading=\"lazy\" decoding=\"async\" class=\"replace-2x img-responsive\" title=\"DEATHCO N\u00daM. 4\" src=\"https:\/\/i0.wp.com\/www.comicalia.com\/27744-home_default\/deathco-num-4.jpg?resize=250%2C250&#038;ssl=1\" alt=\"DEATHCO N\u00daM. 4\" width=\"250\" height=\"250\" \/><\/a><\/p>\n<p class=\"product-desc\"><a class=\"product-name\" style=\"font-size: 18px; font-weight: bold;\" title=\"DEATHCO N\u00daM. 4\" href=\"https:\/\/www.comicalia.com\/manga-seinen\/27041-deathco-num-4-9788417147372.html\">DEATHCO N\u00daM. 4<\/a><\/p>\n<\/div>\n<\/div>\n<\/div>\n<div class=\"product-container\">\n<div class=\"row\">\n<div class=\"center-block col-xs-4 col-sm-7 col-md-4\">\n<p class=\"product-desc\">MACABRA Y FURIOSA DANZA. 8,95 \u20ac<a class=\"product_img_link\" title=\"LA CRUZADA DE LOS INOCENTES N\u00daM. 2 (DE 3)\" href=\"https:\/\/www.comicalia.com\/shonen\/27040-la-cruzada-de-los-inocentes-num-2-de-3-9788417147365.html\"><img data-recalc-dims=\"1\" loading=\"lazy\" decoding=\"async\" class=\"replace-2x img-responsive\" title=\"LA CRUZADA DE LOS INOCENTES N\u00daM. 2 (DE 3)\" src=\"https:\/\/i0.wp.com\/www.comicalia.com\/27743-home_default\/la-cruzada-de-los-inocentes-num-2-de-3.jpg?resize=250%2C250&#038;ssl=1\" alt=\"LA CRUZADA DE LOS INOCENTES N\u00daM. 2 (DE 3)\" width=\"250\" height=\"250\" \/><\/a><\/p>\n<\/div>\n<\/div>\n<\/div>\n<div class=\"product-container\">\n<div class=\"row\">\n<div class=\"left-block col-xs-4 col-sm-5 col-md-4\">\n<div class=\"product-image-container\"><a class=\"product-name\" style=\"font-size: 18px; font-weight: bold;\" title=\"LA CRUZADA DE LOS INOCENTES N\u00daM. 2 (DE 3)\" href=\"https:\/\/www.comicalia.com\/shonen\/27040-la-cruzada-de-los-inocentes-num-2-de-3-9788417147365.html\">LA CRUZADA DE LOS INOCENTES N\u00daM. 2 (DE 3)<\/a><\/div>\n<\/div>\n<div class=\"center-block col-xs-4 col-sm-7 col-md-4\">\n<p class=\"product-desc\">\u00a1PEN\u00daLTIMA ENTREGA!11,95 \u20ac\u00a0<a class=\"product_img_link\" title=\"SANDMAN: EDICI\u00d3N DELUXE VOL. 2 (DE 7)\" href=\"https:\/\/www.comicalia.com\/superheroes-dc\/27039-sandman-edicion-deluxe-vol-2-de-7-9788416998784.html\"><img data-recalc-dims=\"1\" loading=\"lazy\" decoding=\"async\" class=\"replace-2x img-responsive\" title=\"SANDMAN: EDICI\u00d3N DELUXE VOL. 2 (DE 7)\" src=\"https:\/\/i0.wp.com\/www.comicalia.com\/27749-home_default\/sandman-edicion-deluxe-vol-2-de-7.jpg?resize=250%2C250&#038;ssl=1\" alt=\"SANDMAN: EDICI\u00d3N DELUXE VOL. 2 (DE 7)\" width=\"250\" height=\"250\" \/><\/a><\/p>\n<p class=\"product-desc\"><a class=\"product-name\" style=\"font-size: 18px; font-weight: bold;\" title=\"SANDMAN: EDICI\u00d3N DELUXE VOL. 2 (DE 7)\" href=\"https:\/\/www.comicalia.com\/superheroes-dc\/27039-sandman-edicion-deluxe-vol-2-de-7-9788416998784.html\">SANDMAN: EDICI\u00d3N DELUXE VOL. 2 (DE 7)<\/a><\/p>\n<p class=\"product-desc\">SIGUE ADELANTE LA EDICI\u00d3N DELUXE DE \u00abSANDMAN\u00bb. 50,00 \u20ac<\/p>\n<\/div>\n<\/div>\n<\/div>\n<div class=\"product-container\">\n<div class=\"row\">\n<div class=\"left-block col-xs-4 col-sm-5 col-md-4\">\n<div class=\"product-image-container\"><a class=\"product_img_link\" title=\"SANDMAN: EDICI\u00d3N DELUXE VOL. 2 (DE 7) - EDICI\u00d3N CON FUNDA DE ARENA\" href=\"https:\/\/www.comicalia.com\/superheroes-dc\/27038-sandman-edicion-deluxe-vol-2-de-7-edicion-con-funda-de-arena-9788416998791.html\"><img data-recalc-dims=\"1\" loading=\"lazy\" decoding=\"async\" class=\"replace-2x img-responsive\" title=\"SANDMAN: EDICI\u00d3N DELUXE VOL. 2 (DE 7) - EDICI\u00d3N CON FUNDA DE ARENA\" src=\"https:\/\/i0.wp.com\/www.comicalia.com\/27747-home_default\/sandman-edicion-deluxe-vol-2-de-7-edicion-con-funda-de-arena.jpg?resize=250%2C250&#038;ssl=1\" alt=\"SANDMAN: EDICI\u00d3N DELUXE VOL. 2 (DE 7) - EDICI\u00d3N CON FUNDA DE ARENA\" width=\"250\" height=\"250\" \/><\/a><\/div>\n<div class=\"product-image-container\"><a class=\"product-name\" style=\"font-size: 18px; font-weight: bold;\" title=\"SANDMAN: EDICI\u00d3N DELUXE VOL. 2 (DE 7) - EDICI\u00d3N CON FUNDA DE ARENA\" href=\"https:\/\/www.comicalia.com\/superheroes-dc\/27038-sandman-edicion-deluxe-vol-2-de-7-edicion-con-funda-de-arena-9788416998791.html\">SANDMAN: EDICI\u00d3N DELUXE VOL. 2 (DE 7) -&#8230;<\/a><\/div>\n<\/div>\n<div class=\"center-block col-xs-4 col-sm-7 col-md-4\">\n<p class=\"product-desc\">SIGUE ADELANTE LA EDICI\u00d3N DELUXE DE \u00abSANDMAN\u00bb. 55,00 \u20ac<\/p>\n<\/div>\n<\/div>\n<\/div>\n<div class=\"product-container\">\n<div class=\"row\">\n<div class=\"left-block col-xs-4 col-sm-5 col-md-4\">\n<div class=\"product-image-container\"><a class=\"product_img_link\" title=\"BATMAN Y SUPERMAN: LOS MEJORES DEL MUNDO\" href=\"https:\/\/www.comicalia.com\/superheroes-dc\/27036-batman-y-superman-los-mejores-del-mundo-9788417147341.html\"><img data-recalc-dims=\"1\" loading=\"lazy\" decoding=\"async\" class=\"replace-2x img-responsive\" title=\"BATMAN Y SUPERMAN: LOS MEJORES DEL MUNDO\" src=\"https:\/\/i0.wp.com\/www.comicalia.com\/27741-home_default\/batman-y-superman-los-mejores-del-mundo.jpg?resize=250%2C250&#038;ssl=1\" alt=\"BATMAN Y SUPERMAN: LOS MEJORES DEL MUNDO\" width=\"250\" height=\"250\" \/><\/a><\/div>\n<div class=\"product-image-container\"><a class=\"product-name\" style=\"font-size: 18px; font-weight: bold;\" title=\"BATMAN Y SUPERMAN: LOS MEJORES DEL MUNDO\" href=\"https:\/\/www.comicalia.com\/superheroes-dc\/27036-batman-y-superman-los-mejores-del-mundo-9788417147341.html\">BATMAN Y SUPERMAN: LOS MEJORES DEL MUNDO<\/a><\/div>\n<\/div>\n<div class=\"center-block col-xs-4 col-sm-7 col-md-4\">\n<p class=\"product-desc\">UNA ALIANZA TAN PODEROSA&#8230; 28,50 \u20ac<\/p>\n<\/div>\n<\/div>\n<\/div>\n<div class=\"product-container\">\n<div class=\"row\">\n<div class=\"left-block col-xs-4 col-sm-5 col-md-4\">\n<div class=\"product-image-container\"><a class=\"product_img_link\" title=\"WONDER WOMAN: COLECCIONABLE SEMANAL VOL. 8\" href=\"https:\/\/www.comicalia.com\/superheroes-dc\/27034-wonder-woman-coleccionable-semanal-vol-8-9788417147327.html\"><img data-recalc-dims=\"1\" loading=\"lazy\" decoding=\"async\" class=\"replace-2x img-responsive\" title=\"WONDER WOMAN: COLECCIONABLE SEMANAL VOL. 8\" src=\"https:\/\/i0.wp.com\/www.comicalia.com\/27738-home_default\/wonder-woman-coleccionable-semanal-vol-8.jpg?resize=250%2C250&#038;ssl=1\" alt=\"WONDER WOMAN: COLECCIONABLE SEMANAL VOL. 8\" width=\"250\" height=\"250\" \/><\/a><\/div>\n<div class=\"product-image-container\"><a class=\"product-name\" style=\"font-size: 18px; font-weight: bold;\" title=\"WONDER WOMAN: COLECCIONABLE SEMANAL VOL. 8\" href=\"https:\/\/www.comicalia.com\/superheroes-dc\/27034-wonder-woman-coleccionable-semanal-vol-8-9788417147327.html\">WONDER WOMAN: COLECCIONABLE SEMANAL VOL. 8<\/a><\/div>\n<\/div>\n<div class=\"center-block col-xs-4 col-sm-7 col-md-4\">\n<p class=\"product-desc\">\u00a1EL PUNTO DE ENTRADA PERFECTO PARA NUEVOS LECTORES! 7,95 \u20ac<\/p>\n<\/div>\n<\/div>\n<\/div>\n<\/div>\n<\/div>\n<\/div>\n<\/div>\n<\/div>\n<\/div>\n<\/div>\n","protected":false},"excerpt":{"rendered":"<p>ECC BATMAN Y SUPERMAN &#8211; COLECCI\u00d3N NOVELAS&#8230; 12,99 \u20ac TEKKON KINKREET: ALL IN ONE ESPERADA EDICI\u00d3N. 24,95 \u20ac RAINBOW, LOS SIETE DE LA CELDA 6 BLOQUE 2&#8230; DIGAMOS QUE&#8230; ES COMO SI FUERA DE LA&hellip; <a class=\"read-more-link\" href=\"https:\/\/www.atomcomics.net\/blog\/2017\/07\/11\/novedad-ecc-vuelve-se-fue\/\">(seguir leyendo)<\/a><\/p>\n","protected":false},"author":1,"featured_media":9921,"comment_status":"closed","ping_status":"open","sticky":false,"template":"","format":"standard","meta":{"jetpack_post_was_ever_published":false,"_jetpack_newsletter_access":"","_jetpack_dont_email_post_to_subs":false,"_jetpack_newsletter_tier_id":0,"_jetpack_memberships_contains_paywalled_content":false,"_jetpack_memberships_contains_paid_content":false,"footnotes":"","jetpack_publicize_message":"","jetpack_publicize_feature_enabled":true,"jetpack_social_post_already_shared":true,"jetpack_social_options":{"image_generator_settings":{"template":"highway","default_image_id":0,"font":"","enabled":false},"version":2}},"categories":[3],"tags":[],"class_list":["post-9824","post","type-post","status-publish","format-standard","has-post-thumbnail","hentry","category-novedades"],"jetpack_publicize_connections":[],"jetpack_featured_media_url":"https:\/\/i0.wp.com\/www.atomcomics.net\/blog\/wp-content\/uploads\/logonegro.png?fit=473%2C191&ssl=1","jetpack_shortlink":"https:\/\/wp.me\/p53Ua-2ys","jetpack-related-posts":[{"id":3782,"url":"https:\/\/www.atomcomics.net\/blog\/2012\/01\/16\/novedad-ecc-primera-tanda\/","url_meta":{"origin":9824,"position":0},"title":"Novedad: ECC primera tanda","author":"ATOM COMICS","date":"16, enero, 2012","format":false,"excerpt":"ECC Batman: Detective Comics. Ciudad Hambrienta - 12,95\u20ac Batman: El Caballero Oscuro. Amanecer Dorado - 12,95\u20ac Bruce Wayne ha regresado, y est\u00e1 centrando sus esfuerzos en internacionalizar su lucha contra el crimen a trav\u00e9s de Batman Inc. Pero la desaparici\u00f3n de una vieja y querida amiga le hace regresar a\u2026","rel":"","context":"En \u00abNovedades\u00bb","block_context":{"text":"Novedades","link":"https:\/\/www.atomcomics.net\/blog\/category\/novedades\/"},"img":{"alt_text":"","src":"https:\/\/i0.wp.com\/www.eccediciones.com\/content\/productos\/5\/BATMAN-AMANECER-DORADO.jpg?resize=350%2C200","width":350,"height":200},"classes":[]},{"id":3762,"url":"https:\/\/www.atomcomics.net\/blog\/2012\/01\/10\/novedad-estreno-de-ecc-y-valiente\/","url_meta":{"origin":9824,"position":1},"title":"Novedad: Estreno de ECC y Valiente","author":"ATOM COMICS","date":"10, enero, 2012","format":false,"excerpt":"ECC Superman #56 - 3,95\u20ac Batman #57 - 3,50\u20ac PLANETA Pr\u00edncipe Valiente #20 - 7,99\u20ac","rel":"","context":"En \u00abNovedades\u00bb","block_context":{"text":"Novedades","link":"https:\/\/www.atomcomics.net\/blog\/category\/novedades\/"},"img":{"alt_text":"","src":"https:\/\/i0.wp.com\/www.atomcomics.net\/tienda\/images\/ECC\/BATMAN_num57_01g.jpg?resize=350%2C200","width":350,"height":200},"classes":[]},{"id":9708,"url":"https:\/\/www.atomcomics.net\/blog\/2017\/05\/23\/novedad-ecc-nunca-se-fue-y-ya-ha-vuelto\/","url_meta":{"origin":9824,"position":2},"title":"Novedad: ECC nunca se fue y ya ha vuelto ;)","author":"ATOM COMICS","date":"23, mayo, 2017","format":false,"excerpt":"ECC THE 2011 SKETCHBOOK Compilaci\u00f3n extraordinaria de un genio del dibujo, el artista surcoreano, Kim Jung Gi, invitado estrella del Sal\u00f3n del C\u00f3mic 2017. 109,00 \u20ac \u00a0 WONDER WOMAN: COLECCIONABLE SEMANAL N\u00daM. 01 \u00a1Primera entrega a un precio irresistible! 4,95 \u20ac WONDER WOMAN N\u00daM. 17\/ 3 (RENACIMIENTO) \u00a1La conclusi\u00f3n de\u2026","rel":"","context":"En \u00abNovedades\u00bb","block_context":{"text":"Novedades","link":"https:\/\/www.atomcomics.net\/blog\/category\/novedades\/"},"img":{"alt_text":"THE 2011 SKETCHBOOK ","src":"https:\/\/i0.wp.com\/www.comicalia.com\/27264-home_default\/the-2011-sketchbook.jpg?resize=350%2C200&ssl=1","width":350,"height":200},"classes":[]},{"id":4393,"url":"https:\/\/www.atomcomics.net\/blog\/2012\/09\/06\/novedad-cosicas-de-panini-y-de-ecc\/","url_meta":{"origin":9824,"position":3},"title":"Novedad: Cosicas de Panini y de ECC","author":"ATOM COMICS","date":"6, septiembre, 2012","format":false,"excerpt":"ECC Batman #5 - 3,50\u20ac Superman #5 - 3,50\u20ac PANINI X-Men Legado #81 - 3,25\u20ac Lobezno #16 - 3,25\u20ac X-Men #18 - 3,25\u20ac Thor #17 - 3,25\u20ac Los Nuevos Vengadores #19 - 3,25\u20ac Capit\u00e1n Am\u00e9rica #20 - 3,25\u20ac","rel":"","context":"En \u00abNovedades\u00bb","block_context":{"text":"Novedades","link":"https:\/\/www.atomcomics.net\/blog\/category\/novedades\/"},"img":{"alt_text":"","src":"https:\/\/i0.wp.com\/www.eccediciones.com\/content\/productos\/166\/BATMAN_NU_num5BR.jpg?resize=350%2C200","width":350,"height":200},"classes":[]},{"id":4202,"url":"https:\/\/www.atomcomics.net\/blog\/2012\/07\/06\/novedad-ecc-julio\/","url_meta":{"origin":9824,"position":4},"title":"Novedad: ECC Julio","author":"ATOM COMICS","date":"6, julio, 2012","format":false,"excerpt":"ECC Batman: El Caballero Oscuro - Bane - 14,95\u20ac De las entra\u00f1as de Pe\u00f1a Duro, prisi\u00f3n ubicada en la Isla de Santa Prisca, surgi\u00f3 el criminal que infligi\u00f3 al Hombre Murci\u00e9lago su derrota m\u00e1s dolorosa y contundente. Alimentado por el odio y la voluntad de conquistar el mundo, Bane se\u2026","rel":"","context":"En \u00abNovedades\u00bb","block_context":{"text":"Novedades","link":"https:\/\/www.atomcomics.net\/blog\/category\/novedades\/"},"img":{"alt_text":"","src":"https:\/\/i0.wp.com\/www.eccediciones.com\/content\/productos\/126\/BATMANcaballerooscuro_Bane.jpg?resize=350%2C200","width":350,"height":200},"classes":[]},{"id":3909,"url":"https:\/\/www.atomcomics.net\/blog\/2012\/03\/23\/novedad-1a-ola-de-ecc\/","url_meta":{"origin":9824,"position":5},"title":"Novedad: 1\u00aa Ola de ECC","author":"ATOM COMICS","date":"23, marzo, 2012","format":false,"excerpt":"ECC FLASHPOINT n\u00fam. 3 - 2,50\u20ac JLA Flashpoint - 17,50\u20ac \u00bfPor qu\u00e9 Aquaman y Wonder Woman desean sus respectivas muertes si estuvieron a punto de casarse? \u00bfQui\u00e9n es el misterioso Infiltrado y qu\u00e9 ha hecho para merecer el odio de tantos? Los incomparables Tony Bedard, James Robinson, Dan Abnett y\u2026","rel":"","context":"En \u00abNovedades\u00bb","block_context":{"text":"Novedades","link":"https:\/\/www.atomcomics.net\/blog\/category\/novedades\/"},"img":{"alt_text":"","src":"https:\/\/i0.wp.com\/www.eccediciones.com\/content\/productos\/52\/FLASHPOINT_num3_156.jpg?resize=350%2C200","width":350,"height":200},"classes":[]}],"jetpack_sharing_enabled":true,"_links":{"self":[{"href":"https:\/\/www.atomcomics.net\/blog\/wp-json\/wp\/v2\/posts\/9824","targetHints":{"allow":["GET"]}}],"collection":[{"href":"https:\/\/www.atomcomics.net\/blog\/wp-json\/wp\/v2\/posts"}],"about":[{"href":"https:\/\/www.atomcomics.net\/blog\/wp-json\/wp\/v2\/types\/post"}],"author":[{"embeddable":true,"href":"https:\/\/www.atomcomics.net\/blog\/wp-json\/wp\/v2\/users\/1"}],"replies":[{"embeddable":true,"href":"https:\/\/www.atomcomics.net\/blog\/wp-json\/wp\/v2\/comments?post=9824"}],"version-history":[{"count":3,"href":"https:\/\/www.atomcomics.net\/blog\/wp-json\/wp\/v2\/posts\/9824\/revisions"}],"predecessor-version":[{"id":9830,"href":"https:\/\/www.atomcomics.net\/blog\/wp-json\/wp\/v2\/posts\/9824\/revisions\/9830"}],"wp:featuredmedia":[{"embeddable":true,"href":"https:\/\/www.atomcomics.net\/blog\/wp-json\/wp\/v2\/media\/9921"}],"wp:attachment":[{"href":"https:\/\/www.atomcomics.net\/blog\/wp-json\/wp\/v2\/media?parent=9824"}],"wp:term":[{"taxonomy":"category","embeddable":true,"href":"https:\/\/www.atomcomics.net\/blog\/wp-json\/wp\/v2\/categories?post=9824"},{"taxonomy":"post_tag","embeddable":true,"href":"https:\/\/www.atomcomics.net\/blog\/wp-json\/wp\/v2\/tags?post=9824"}],"curies":[{"name":"wp","href":"https:\/\/api.w.org\/{rel}","templated":true}]}}