{"id":9846,"date":"2017-07-20T15:55:01","date_gmt":"2017-07-20T14:55:01","guid":{"rendered":"http:\/\/www.atomcomics.net\/?p=9846"},"modified":"2017-08-18T17:59:22","modified_gmt":"2017-08-18T16:59:22","slug":"novedad-coll-desperta-ferro-del-mes","status":"publish","type":"post","link":"https:\/\/www.atomcomics.net\/blog\/2017\/07\/20\/novedad-coll-desperta-ferro-del-mes\/","title":{"rendered":"Novedad: Coll + Desperta Ferro del mes"},"content":{"rendered":"<div class=\"left-block col-xs-4 col-sm-5 col-md-4\">\n<h4>DIMINUTA<\/h4>\n<div class=\"product-image-container\"><a class=\"product_img_link\" title=\"JOSEP COLL. Llocs sorprenents \/ Lugares sorprendentes\" href=\"https:\/\/www.comicalia.com\/humor\/27636-josep-coll-llocs-sorprenents-lugares-sorprendentes-9788494637629.html\"><img data-recalc-dims=\"1\" loading=\"lazy\" decoding=\"async\" class=\"replace-2x img-responsive\" title=\"JOSEP COLL. Llocs sorprenents \/ Lugares sorprendentes\" src=\"https:\/\/i0.wp.com\/www.comicalia.com\/28203-home_default\/josep-coll-llocs-sorprenents-lugares-sorprendentes.jpg?resize=250%2C250&#038;ssl=1\" alt=\"JOSEP COLL. Llocs sorprenents \/ Lugares sorprendentes\" width=\"250\" height=\"250\" \/><\/a><\/div>\n<div class=\"product-image-container\"><a class=\"product-name\" style=\"font-size: 18px; font-weight: bold;\" title=\"JOSEP COLL. Llocs sorprenents \/ Lugares sorprendentes\" href=\"https:\/\/www.comicalia.com\/humor\/27636-josep-coll-llocs-sorprenents-lugares-sorprendentes-9788494637629.html\">JOSEP COLL. Llocs sorprenents \/ Lugares&#8230;<\/a><\/div>\n<\/div>\n<div class=\"right-block col-xs-4 col-sm-12 col-md-4\">\n<div class=\"right-block-content row\">\n<div class=\"content_price col-xs-5 col-md-12\"><span class=\"price product-price\">18,00 \u20ac<\/span><\/div>\n<\/div>\n<\/div>\n<h4>DESPERTA FERRO<\/h4>\n<div class=\"product-container\">\n<div class=\"row\">\n<div class=\"left-block col-xs-4 col-sm-5 col-md-4\">\n<div class=\"product-image-container\"><a class=\"product_img_link\" title=\"Gladiadores Arqueolog\u00eda e Historia n.\u00ba 14\" href=\"https:\/\/www.comicalia.com\/revista\/27626-gladiadores-arqueologia-e-historia-n-14-8413042617877.html\"><img data-recalc-dims=\"1\" loading=\"lazy\" decoding=\"async\" class=\"replace-2x img-responsive\" title=\"Gladiadores Arqueolog\u00eda e Historia n.\u00ba 14\" src=\"https:\/\/i0.wp.com\/www.comicalia.com\/28192-home_default\/gladiadores-arqueologia-e-historia-n-14.jpg?resize=250%2C250&#038;ssl=1\" alt=\"Gladiadores Arqueolog\u00eda e Historia n.\u00ba 14\" width=\"250\" height=\"250\" \/><\/a><\/div>\n<div class=\"product-image-container\"><a class=\"product-name\" style=\"font-size: 18px; font-weight: bold;\" title=\"Gladiadores Arqueolog\u00eda e Historia n.\u00ba 14\" href=\"https:\/\/www.comicalia.com\/revista\/27626-gladiadores-arqueologia-e-historia-n-14-8413042617877.html\">Gladiadores Arqueolog\u00eda e Historia n.\u00ba 14<\/a><\/div>\n<\/div>\n<div class=\"center-block col-xs-4 col-sm-7 col-md-4\"><\/div>\n<div class=\"right-block col-xs-4 col-sm-12 col-md-4\">\n<div class=\"right-block-content row\">\n<div class=\"content_price col-xs-5 col-md-12\"><span class=\"price product-price\">7,00 \u20ac<\/span><\/div>\n<\/div>\n<\/div>\n<\/div>\n<\/div>\n<p><a class=\"product_img_link\" title=\"La Rebeli\u00f3n Jacobita. Desperta Ferro Historia Moderna n\u00ba 29\" href=\"https:\/\/www.comicalia.com\/revista\/27625-la-rebelion-jacobita-desperta-ferro-historia-moderna-n-29-9772255054008.html\"><img data-recalc-dims=\"1\" loading=\"lazy\" decoding=\"async\" class=\"replace-2x img-responsive\" title=\"La Rebeli\u00f3n Jacobita. Desperta Ferro Historia Moderna n\u00ba 29\" src=\"https:\/\/i0.wp.com\/www.comicalia.com\/28191-home_default\/la-rebelion-jacobita-desperta-ferro-historia-moderna-n-29.jpg?resize=250%2C250&#038;ssl=1\" alt=\"La Rebeli\u00f3n Jacobita. Desperta Ferro Historia Moderna n\u00ba 29\" width=\"250\" height=\"250\" \/><\/a><\/p>\n<p><a class=\"product-name\" style=\"font-size: 18px; font-weight: bold;\" title=\"La Rebeli\u00f3n Jacobita. Desperta Ferro Historia Moderna n\u00ba 29\" href=\"https:\/\/www.comicalia.com\/revista\/27625-la-rebelion-jacobita-desperta-ferro-historia-moderna-n-29-9772255054008.html\">La Rebeli\u00f3n Jacobita. Desperta Ferro&#8230;<\/a> 7,00 \u20ac<\/p>\n","protected":false},"excerpt":{"rendered":"<p>DIMINUTA JOSEP COLL. Llocs sorprenents \/ Lugares&#8230; 18,00 \u20ac DESPERTA FERRO Gladiadores Arqueolog\u00eda e Historia n.\u00ba 14 7,00 \u20ac La Rebeli\u00f3n Jacobita. Desperta Ferro&#8230; 7,00 \u20ac<\/p>\n","protected":false},"author":1,"featured_media":9921,"comment_status":"closed","ping_status":"open","sticky":false,"template":"","format":"standard","meta":{"jetpack_post_was_ever_published":false,"_jetpack_newsletter_access":"","_jetpack_dont_email_post_to_subs":false,"_jetpack_newsletter_tier_id":0,"_jetpack_memberships_contains_paywalled_content":false,"_jetpack_memberships_contains_paid_content":false,"footnotes":"","jetpack_publicize_message":"","jetpack_publicize_feature_enabled":true,"jetpack_social_post_already_shared":true,"jetpack_social_options":{"image_generator_settings":{"template":"highway","default_image_id":0,"font":"","enabled":false},"version":2}},"categories":[3],"tags":[],"class_list":["post-9846","post","type-post","status-publish","format-standard","has-post-thumbnail","hentry","category-novedades"],"jetpack_publicize_connections":[],"jetpack_featured_media_url":"https:\/\/i0.wp.com\/www.atomcomics.net\/blog\/wp-content\/uploads\/logonegro.png?fit=473%2C191&ssl=1","jetpack_shortlink":"https:\/\/wp.me\/p53Ua-2yO","jetpack-related-posts":[{"id":9511,"url":"https:\/\/www.atomcomics.net\/blog\/2017\/02\/27\/novedad-desperta-ferro\/","url_meta":{"origin":9846,"position":0},"title":"Novedad: Desperta Ferro","author":"ATOM COMICS","date":"27, febrero, 2017","format":false,"excerpt":"DESPERTA FERRO Desperta Ferro Antigua y Medieval n\u00ba 40 El...\u00a07,00 \u20ac \u00a0 Desperta Ferro Contempor\u00e1nea n\u00ba 20... 7,00 \u20ac \u00a0 Shingen. La \u00faltima campa\u00f1a 16,95 \u20ac El Ej\u00e9rcito carlista del Norte (1833-1839) 25,95 \u20ac","rel":"","context":"En \u00abNovedades\u00bb","block_context":{"text":"Novedades","link":"https:\/\/www.atomcomics.net\/blog\/category\/novedades\/"},"img":{"alt_text":"Desperta Ferro Antigua y Medieval n\u00ba 40 El Cid","src":"https:\/\/i0.wp.com\/www.comicalia.com\/26215-home_default\/desperta-ferro-antigua-y-medieval-n-40-el-cid.jpg?resize=350%2C200&ssl=1","width":350,"height":200},"classes":[]},{"id":9196,"url":"https:\/\/www.atomcomics.net\/blog\/2016\/09\/28\/novedad-desperta-ferro-nos-habla-de-la-historia\/","url_meta":{"origin":9846,"position":1},"title":"Novedad: Desperta Ferro nos habla de la Historia","author":"ATOM COMICS","date":"28, septiembre, 2016","format":false,"excerpt":"DESPERTA FERRO Desperta Ferro Arqueolog\u00eda e...7,00 \u20ac Desperta Ferro Historia Moderna...7,00 \u20ac","rel":"","context":"En \u00abNovedades\u00bb","block_context":{"text":"Novedades","link":"https:\/\/www.atomcomics.net\/blog\/category\/novedades\/"},"img":{"alt_text":"Desperta Ferro Arqueolog\u00eda e Historia 9. Sefarad - Jud\u00edos en la Espa\u00f1a medieval","src":"https:\/\/i0.wp.com\/www.comicalia.com\/23905-large\/desperta-ferro-arqueologia-e-historia-9-sefarad-judios-en-la-espana-medieval.jpg?resize=350%2C200","width":350,"height":200},"classes":[]},{"id":9019,"url":"https:\/\/www.atomcomics.net\/blog\/2016\/07\/15\/novedad-nueva-dosis-de-desperta-ferro\/","url_meta":{"origin":9846,"position":2},"title":"Novedad: Nueva dosis de Desperta Ferro","author":"ATOM COMICS","date":"15, julio, 2016","format":false,"excerpt":"DESPERTA FERRO Viaje por el Antiguo Egipto\u00a029,95 \u20ac Desperta Ferro Moderna n.\u00ba 23:...7,00 \u20ac Arqueolog\u00eda e Historia n.\u00ba 8:...7,00 \u20ac","rel":"","context":"En \u00abNovedades\u00bb","block_context":{"text":"Novedades","link":"https:\/\/www.atomcomics.net\/blog\/category\/novedades\/"},"img":{"alt_text":"Viaje por el Antiguo Egipto","src":"https:\/\/i0.wp.com\/www.comicalia.com\/23213-large\/viaje-por-el-antiguo-egipto.jpg?resize=350%2C200","width":350,"height":200},"classes":[]},{"id":7890,"url":"https:\/\/www.atomcomics.net\/blog\/2015\/05\/14\/novedad-diminuta-y-catalogos-bien-majos\/","url_meta":{"origin":9846,"position":3},"title":"Novedad: Diminuta y cat\u00e1logos bien majos","author":"ATOM COMICS","date":"14, mayo, 2015","format":false,"excerpt":"DIMINUTA Tea\u00a08,00 \u20ac Chico del antifaz\u00a08,00 \u20ac CASA SOLLERICH WOOD WORK\u00a025,00 \u20ac BIG JOHN BUSCEMA: HISTORIETES I...30,00 \u20ac HUMOR BLANCO. Josep Maria Blanco...30,00 \u20ac Carne y acero. El arte de Russ...40,00 \u20ac","rel":"","context":"En \u00abNovedades\u00bb","block_context":{"text":"Novedades","link":"https:\/\/www.atomcomics.net\/blog\/category\/novedades\/"},"img":{"alt_text":"Tea","src":"https:\/\/i0.wp.com\/www.comicalia.com\/17751-large\/tea.jpg?resize=350%2C200","width":350,"height":200},"classes":[]},{"id":10210,"url":"https:\/\/www.atomcomics.net\/blog\/2017\/10\/02\/novedad-desperta-ferro-con-libro-y-revista\/","url_meta":{"origin":9846,"position":4},"title":"Novedad: Desperta Ferro con libro y revista","author":"ATOM COMICS","date":"2, octubre, 2017","format":false,"excerpt":"Dos revistas y un nuevo libro.","rel":"","context":"En \u00abNovedades\u00bb","block_context":{"text":"Novedades","link":"https:\/\/www.atomcomics.net\/blog\/category\/novedades\/"},"img":{"alt_text":"","src":"https:\/\/i0.wp.com\/www.atomcomics.net\/blog\/wp-content\/uploads\/DFM30-6.jpg?fit=500%2C384&ssl=1&resize=350%2C200","width":350,"height":200},"classes":[]},{"id":9086,"url":"https:\/\/www.atomcomics.net\/blog\/2016\/09\/01\/novedad-nueva-leccion-de-historia\/","url_meta":{"origin":9846,"position":5},"title":"Novedad: Nueva lecci\u00f3n de Historia","author":"ATOM COMICS","date":"1, septiembre, 2016","format":false,"excerpt":"DESPERTA FERRO La saga de los samur\u00e1is n.\u00ba5:...16,95 \u20ac Desperta Ferro Contempor\u00e1nea n.\u00ba...7,00 \u20ac Desperta Ferro Antigua y...7,00 \u20ac","rel":"","context":"En \u00abNovedades\u00bb","block_context":{"text":"Novedades","link":"https:\/\/www.atomcomics.net\/blog\/category\/novedades\/"},"img":{"alt_text":"La saga de los samur\u00e1is n.\u00ba5: Shingen el conquistador","src":"https:\/\/i0.wp.com\/www.comicalia.com\/23551-large\/la-saga-de-los-samurais-n5-shingen-el-conquistador.jpg?resize=350%2C200","width":350,"height":200},"classes":[]}],"jetpack_sharing_enabled":true,"_links":{"self":[{"href":"https:\/\/www.atomcomics.net\/blog\/wp-json\/wp\/v2\/posts\/9846","targetHints":{"allow":["GET"]}}],"collection":[{"href":"https:\/\/www.atomcomics.net\/blog\/wp-json\/wp\/v2\/posts"}],"about":[{"href":"https:\/\/www.atomcomics.net\/blog\/wp-json\/wp\/v2\/types\/post"}],"author":[{"embeddable":true,"href":"https:\/\/www.atomcomics.net\/blog\/wp-json\/wp\/v2\/users\/1"}],"replies":[{"embeddable":true,"href":"https:\/\/www.atomcomics.net\/blog\/wp-json\/wp\/v2\/comments?post=9846"}],"version-history":[{"count":2,"href":"https:\/\/www.atomcomics.net\/blog\/wp-json\/wp\/v2\/posts\/9846\/revisions"}],"predecessor-version":[{"id":9848,"href":"https:\/\/www.atomcomics.net\/blog\/wp-json\/wp\/v2\/posts\/9846\/revisions\/9848"}],"wp:featuredmedia":[{"embeddable":true,"href":"https:\/\/www.atomcomics.net\/blog\/wp-json\/wp\/v2\/media\/9921"}],"wp:attachment":[{"href":"https:\/\/www.atomcomics.net\/blog\/wp-json\/wp\/v2\/media?parent=9846"}],"wp:term":[{"taxonomy":"category","embeddable":true,"href":"https:\/\/www.atomcomics.net\/blog\/wp-json\/wp\/v2\/categories?post=9846"},{"taxonomy":"post_tag","embeddable":true,"href":"https:\/\/www.atomcomics.net\/blog\/wp-json\/wp\/v2\/tags?post=9846"}],"curies":[{"name":"wp","href":"https:\/\/api.w.org\/{rel}","templated":true}]}}