{"id":9852,"date":"2017-07-26T10:09:49","date_gmt":"2017-07-26T09:09:49","guid":{"rendered":"http:\/\/www.atomcomics.net\/?p=9852"},"modified":"2017-08-18T17:59:22","modified_gmt":"2017-08-18T16:59:22","slug":"novedad-norma-esta-aqui","status":"publish","type":"post","link":"https:\/\/www.atomcomics.net\/blog\/2017\/07\/26\/novedad-norma-esta-aqui\/","title":{"rendered":"Novedad: Norma est\u00e1 aqu\u00ed"},"content":{"rendered":"<h4>NORMA<\/h4>\n<div class=\"product-container\">\n<div class=\"row\">\n<div class=\"left-block col-xs-4 col-sm-5 col-md-4\">\n<div class=\"product-image-container\"><a class=\"product_img_link\" title=\"BLACK CLOVER 3\" href=\"https:\/\/www.comicalia.com\/shonen\/27706-black-clover-3-9788467927962.html\"><img data-recalc-dims=\"1\" loading=\"lazy\" decoding=\"async\" class=\"replace-2x img-responsive\" title=\"BLACK CLOVER 3\" src=\"https:\/\/i0.wp.com\/www.comicalia.com\/28254-home_default\/black-clover-3.jpg?resize=250%2C250&#038;ssl=1\" alt=\"BLACK CLOVER 3\" width=\"250\" height=\"250\" \/><\/a><\/div>\n<div class=\"product-image-container\"><a class=\"product-name\" style=\"font-size: 18px; font-weight: bold;\" title=\"BLACK CLOVER 3\" href=\"https:\/\/www.comicalia.com\/shonen\/27706-black-clover-3-9788467927962.html\">BLACK CLOVER 3<\/a><\/div>\n<\/div>\n<div class=\"center-block col-xs-4 col-sm-7 col-md-4\">\n<p class=\"product-desc\">NADIE DIJO QUE CONVERTIRSE EN EL REY DE LOS MAGOS FUESE A SER UN CAMINO DE ROSAS&#8230; 8,00 \u20ac<\/p>\n<\/div>\n<\/div>\n<\/div>\n<div class=\"product-container\">\n<div class=\"row\">\n<div class=\"left-block col-xs-4 col-sm-5 col-md-4\">\n<div class=\"product-image-container\"><a class=\"product_img_link\" title=\"SERAPH OF THE END 7\" href=\"https:\/\/www.comicalia.com\/shonen\/27705-seraph-of-the-end-7-9788467925906.html\"><img data-recalc-dims=\"1\" loading=\"lazy\" decoding=\"async\" class=\"replace-2x img-responsive\" title=\"SERAPH OF THE END 7\" src=\"https:\/\/i0.wp.com\/www.comicalia.com\/28252-home_default\/seraph-of-the-end-7.jpg?resize=250%2C250&#038;ssl=1\" alt=\"SERAPH OF THE END 7\" width=\"250\" height=\"250\" \/><\/a><\/div>\n<div class=\"product-image-container\"><a class=\"product-name\" style=\"font-size: 18px; font-weight: bold;\" title=\"SERAPH OF THE END 7\" href=\"https:\/\/www.comicalia.com\/shonen\/27705-seraph-of-the-end-7-9788467925906.html\">SERAPH OF THE END 7<\/a><\/div>\n<\/div>\n<div class=\"center-block col-xs-4 col-sm-7 col-md-4\">\n<p class=\"product-desc\">\u00a1LOS NERVIOS Y LAS GANAS DE LANZARSE A LA BATALLA EST\u00c1N A FLOR DE PIEL! 8,00 \u20ac<\/p>\n<\/div>\n<\/div>\n<\/div>\n<div class=\"product-container\">\n<div class=\"row\">\n<div class=\"left-block col-xs-4 col-sm-5 col-md-4\">\n<div class=\"product-image-container\"><a class=\"product_img_link\" title=\"NURA EL SE\u00d1OR DE LOS YOKAI 24\" href=\"https:\/\/www.comicalia.com\/shonen\/27704-nura-el-senor-de-los-yokai-24-9788467925418.html\"><img data-recalc-dims=\"1\" loading=\"lazy\" decoding=\"async\" class=\"replace-2x img-responsive\" title=\"NURA EL SE\u00d1OR DE LOS YOKAI 24\" src=\"https:\/\/i0.wp.com\/www.comicalia.com\/28251-home_default\/nura-el-senor-de-los-yokai-24.jpg?resize=250%2C250&#038;ssl=1\" alt=\"NURA EL SE\u00d1OR DE LOS YOKAI 24\" width=\"250\" height=\"250\" \/><\/a><\/div>\n<div class=\"product-image-container\"><a class=\"product-name\" style=\"font-size: 18px; font-weight: bold;\" title=\"NURA EL SE\u00d1OR DE LOS YOKAI 24\" href=\"https:\/\/www.comicalia.com\/shonen\/27704-nura-el-senor-de-los-yokai-24-9788467925418.html\">NURA EL SE\u00d1OR DE LOS YOKAI 24<\/a><\/div>\n<\/div>\n<div class=\"center-block col-xs-4 col-sm-7 col-md-4\"><\/div>\n<div class=\"right-block col-xs-4 col-sm-12 col-md-4\">\n<div class=\"right-block-content row\">\n<div class=\"content_price col-xs-5 col-md-12\"><span class=\"price product-price\">7,50 \u20ac<\/span><\/div>\n<\/div>\n<\/div>\n<\/div>\n<\/div>\n<p><a class=\"product_img_link\" title=\"NORAGAMI 11\" href=\"https:\/\/www.comicalia.com\/shonen\/27703-noragami-11-9788467925708.html\"><img data-recalc-dims=\"1\" loading=\"lazy\" decoding=\"async\" class=\"replace-2x img-responsive\" title=\"NORAGAMI 11\" src=\"https:\/\/i0.wp.com\/www.comicalia.com\/28250-home_default\/noragami-11.jpg?resize=250%2C250&#038;ssl=1\" alt=\"NORAGAMI 11\" width=\"250\" height=\"250\" \/><\/a><\/p>\n<p><a class=\"product-name\" style=\"font-size: 18px; font-weight: bold;\" title=\"NORAGAMI 11\" href=\"https:\/\/www.comicalia.com\/shonen\/27703-noragami-11-9788467925708.html\">NORAGAMI 11<\/a><\/p>\n<div class=\"product-container\">\n<div class=\"row\">\n<div class=\"center-block col-xs-4 col-sm-7 col-md-4\">\n<p class=\"product-desc\">CON LA AYUDA DE SUS AMIGOS, YATO INTENTA ENDEREZAR SU VIDA 8,00 \u20ac<\/p>\n<\/div>\n<\/div>\n<\/div>\n<div class=\"product-container\">\n<div class=\"row\">\n<div class=\"left-block col-xs-4 col-sm-5 col-md-4\">\n<div class=\"product-image-container\"><a class=\"product_img_link\" title=\"BUNGOU STRAY DOGS 2\" href=\"https:\/\/www.comicalia.com\/shonen\/27702-bungou-stray-dogs-2-9788467927658.html\"><img data-recalc-dims=\"1\" loading=\"lazy\" decoding=\"async\" class=\"replace-2x img-responsive\" title=\"BUNGOU STRAY DOGS 2\" src=\"https:\/\/i0.wp.com\/www.comicalia.com\/28247-home_default\/bungou-stray-dogs-2.jpg?resize=250%2C250&#038;ssl=1\" alt=\"BUNGOU STRAY DOGS 2\" width=\"250\" height=\"250\" \/><\/a><\/div>\n<div class=\"product-image-container\"><a class=\"product-name\" style=\"font-size: 18px; font-weight: bold;\" title=\"BUNGOU STRAY DOGS 2\" href=\"https:\/\/www.comicalia.com\/shonen\/27702-bungou-stray-dogs-2-9788467927658.html\">BUNGOU STRAY DOGS 2<\/a><\/div>\n<\/div>\n<div class=\"center-block col-xs-4 col-sm-7 col-md-4\">\n<p class=\"product-desc\">TRAS SER HUMILLADOS POR LA AGENCIA DE DETECTIVES, LA MAFIA NO SE QUEDAR\u00c1 DE BRAZOS CRUZADOS&#8230; 8,00 \u20ac<\/p>\n<\/div>\n<\/div>\n<\/div>\n<div class=\"product-container\">\n<div class=\"row\">\n<div class=\"left-block col-xs-4 col-sm-5 col-md-4\">\n<div class=\"product-image-container\"><a class=\"product_img_link\" title=\"POK\u00c9MON 16. ESMERALDA 2\" href=\"https:\/\/www.comicalia.com\/shonen\/27701-pokemon-16-esmeralda-2-9788467925159.html\"><img data-recalc-dims=\"1\" loading=\"lazy\" decoding=\"async\" class=\"replace-2x img-responsive\" title=\"POK\u00c9MON 16. ESMERALDA 2\" src=\"https:\/\/i0.wp.com\/www.comicalia.com\/28246-home_default\/pokemon-16-esmeralda-2.jpg?resize=250%2C250&#038;ssl=1\" alt=\"POK\u00c9MON 16. ESMERALDA 2\" width=\"250\" height=\"250\" \/><\/a><\/div>\n<div class=\"product-image-container\"><a class=\"product-name\" style=\"font-size: 18px; font-weight: bold;\" title=\"POK\u00c9MON 16. ESMERALDA 2\" href=\"https:\/\/www.comicalia.com\/shonen\/27701-pokemon-16-esmeralda-2-9788467925159.html\">POK\u00c9MON 16. ESMERALDA 2<\/a><\/div>\n<\/div>\n<div class=\"center-block col-xs-4 col-sm-7 col-md-4\">\n<p class=\"product-desc\">\u00a1LOS POSEEDORES DE LA POK\u00c9DEX DE LA REGI\u00d3N DE HOENN, RUB\u00cd Y ZAFIRO, LLEGAN AL FRENTE DE BATALLA! 12,00 \u20ac<\/p>\n<\/div>\n<\/div>\n<\/div>\n<div class=\"product-container\">\n<div class=\"row\">\n<div class=\"left-block col-xs-4 col-sm-5 col-md-4\">\n<div class=\"product-image-container\"><a class=\"product_img_link\" title=\"DESAPARECIDO 8\" href=\"https:\/\/www.comicalia.com\/shonen\/27700-desaparecido-8-9788467924398.html\"><img data-recalc-dims=\"1\" loading=\"lazy\" decoding=\"async\" class=\"replace-2x img-responsive\" title=\"DESAPARECIDO 8\" src=\"https:\/\/i0.wp.com\/www.comicalia.com\/28245-home_default\/desaparecido-8.jpg?resize=250%2C250&#038;ssl=1\" alt=\"DESAPARECIDO 8\" width=\"250\" height=\"250\" \/><\/a><\/div>\n<div class=\"product-image-container\"><a class=\"product-name\" style=\"font-size: 18px; font-weight: bold;\" title=\"DESAPARECIDO 8\" href=\"https:\/\/www.comicalia.com\/shonen\/27700-desaparecido-8-9788467924398.html\">DESAPARECIDO 8<\/a><\/div>\n<\/div>\n<div class=\"center-block col-xs-4 col-sm-7 col-md-4\">\n<p class=\"product-desc\">\u00a1EL MISTERIO LLEGA A SU FIN! \u00a1\u00daLTIMO VOLUMEN DE ESTA APASIONANTE HISTORIA! 8,00 \u20ac<\/p>\n<\/div>\n<\/div>\n<\/div>\n<div class=\"product-container\">\n<div class=\"row\">\n<div class=\"left-block col-xs-4 col-sm-5 col-md-4\">\n<div class=\"product-image-container\"><a class=\"product_img_link\" title=\"I AM A HERO 21\" href=\"https:\/\/www.comicalia.com\/manga-seinen\/27698-i-am-a-hero-21-9788467926958.html\"><img data-recalc-dims=\"1\" loading=\"lazy\" decoding=\"async\" class=\"replace-2x img-responsive\" title=\"I AM A HERO 21\" src=\"https:\/\/i0.wp.com\/www.comicalia.com\/28243-home_default\/i-am-a-hero-21.jpg?resize=250%2C250&#038;ssl=1\" alt=\"I AM A HERO 21\" width=\"250\" height=\"250\" \/><\/a><\/div>\n<div class=\"product-image-container\"><a class=\"product-name\" style=\"font-size: 18px; font-weight: bold;\" title=\"I AM A HERO 21\" href=\"https:\/\/www.comicalia.com\/manga-seinen\/27698-i-am-a-hero-21-9788467926958.html\">I AM A HERO 21<\/a><\/div>\n<\/div>\n<div class=\"center-block col-xs-4 col-sm-7 col-md-4\">\n<p class=\"product-desc\">\u00a1PEN\u00daLTIMO VOLUMEN DE ESTE APASIONANTE MANGA DE MUERTOS VIVIENTES! 8,50 \u20ac<\/p>\n<\/div>\n<\/div>\n<\/div>\n<div class=\"product-container\">\n<div class=\"row\">\n<div class=\"left-block col-xs-4 col-sm-5 col-md-4\">\n<div class=\"product-image-container\"><a class=\"product_img_link\" title=\"FAIRY TAIL 54\" href=\"https:\/\/www.comicalia.com\/shonen\/27697-fairy-tail-54-9788467925609.html\"><img data-recalc-dims=\"1\" loading=\"lazy\" decoding=\"async\" class=\"replace-2x img-responsive\" title=\"FAIRY TAIL 54\" src=\"https:\/\/i0.wp.com\/www.comicalia.com\/28242-home_default\/fairy-tail-54.jpg?resize=250%2C250&#038;ssl=1\" alt=\"FAIRY TAIL 54\" width=\"250\" height=\"250\" \/><\/a><\/div>\n<div class=\"product-image-container\"><a class=\"product-name\" style=\"font-size: 18px; font-weight: bold;\" title=\"FAIRY TAIL 54\" href=\"https:\/\/www.comicalia.com\/shonen\/27697-fairy-tail-54-9788467925609.html\">FAIRY TAIL 54<\/a><\/div>\n<\/div>\n<div class=\"center-block col-xs-4 col-sm-7 col-md-4\">\n<p class=\"product-desc\">\u00a1LOS SPRIGGAN 12, LA \u00c9LITE DE ZELEF, LANZAN UN ATAQUE COMBINADO SOBRE MAGNOLIA! 7,50 \u20ac<\/p>\n<\/div>\n<\/div>\n<\/div>\n<div class=\"product-container\">\n<div class=\"row\">\n<div class=\"left-block col-xs-4 col-sm-5 col-md-4\">\n<div class=\"product-image-container\"><a class=\"product_img_link\" title=\"EL MONSTRUO DE AL LADO (TONARI NO KAIBUTSUKUN) 9\" href=\"https:\/\/www.comicalia.com\/shonen\/27696-el-monstruo-de-al-lado-tonari-no-kaibutsukun-9-9788467925838.html\"><img data-recalc-dims=\"1\" loading=\"lazy\" decoding=\"async\" class=\"replace-2x img-responsive\" title=\"EL MONSTRUO DE AL LADO (TONARI NO KAIBUTSUKUN) 9\" src=\"https:\/\/i0.wp.com\/www.comicalia.com\/28241-home_default\/el-monstruo-de-al-lado-tonari-no-kaibutsukun-9.jpg?resize=250%2C250&#038;ssl=1\" alt=\"EL MONSTRUO DE AL LADO (TONARI NO KAIBUTSUKUN) 9\" width=\"250\" height=\"250\" \/><\/a><\/div>\n<div class=\"product-image-container\"><a class=\"product-name\" style=\"font-size: 18px; font-weight: bold;\" title=\"EL MONSTRUO DE AL LADO (TONARI NO KAIBUTSUKUN) 9\" href=\"https:\/\/www.comicalia.com\/shonen\/27696-el-monstruo-de-al-lado-tonari-no-kaibutsukun-9-9788467925838.html\">EL MONSTRUO DE AL LADO (TONARI NO&#8230;<\/a><\/div>\n<\/div>\n<div class=\"center-block col-xs-4 col-sm-7 col-md-4\">\n<p class=\"product-desc\">\u00a1EL AMOR EST\u00c1 EN EL AIRE! \u00bfO NO ES ORO TODO LO QUE RELUCE? 8,00 \u20ac<\/p>\n<\/div>\n<\/div>\n<\/div>\n<div class=\"product-container\">\n<div class=\"row\">\n<div class=\"left-block col-xs-4 col-sm-5 col-md-4\">\n<div class=\"product-image-container\"><a class=\"product_img_link\" title=\"AREA D 13\" href=\"https:\/\/www.comicalia.com\/shonen\/27695-area-d-13-9788467925746.html\"><img data-recalc-dims=\"1\" loading=\"lazy\" decoding=\"async\" class=\"replace-2x img-responsive\" title=\"AREA D 13\" src=\"https:\/\/i0.wp.com\/www.comicalia.com\/28240-home_default\/area-d-13.jpg?resize=250%2C250&#038;ssl=1\" alt=\"AREA D 13\" width=\"250\" height=\"250\" \/><\/a><\/div>\n<div class=\"product-image-container\"><a class=\"product-name\" style=\"font-size: 18px; font-weight: bold;\" title=\"AREA D 13\" href=\"https:\/\/www.comicalia.com\/shonen\/27695-area-d-13-9788467925746.html\">AREA D 13<\/a><\/div>\n<\/div>\n<div class=\"center-block col-xs-4 col-sm-7 col-md-4\">\n<p class=\"product-desc\">\u00a1PEN\u00daLTIMO VOLUMEN DE ESTA TREPIDANTE HISTORIA! 8,00 \u20ac<\/p>\n<\/div>\n<\/div>\n<\/div>\n<div class=\"product-container\">\n<div class=\"row\">\n<div class=\"left-block col-xs-4 col-sm-5 col-md-4\">\n<div class=\"product-image-container\"><a class=\"product_img_link\" title=\"ARCHIE. VOLUMEN DOS \" href=\"https:\/\/www.comicalia.com\/fantasia-otros-mundos\/27693-archie-volumen-dos-9788467927559.html\"><img data-recalc-dims=\"1\" loading=\"lazy\" decoding=\"async\" class=\"replace-2x img-responsive\" title=\"ARCHIE. VOLUMEN DOS \" src=\"https:\/\/i0.wp.com\/www.comicalia.com\/28237-home_default\/archie-volumen-dos.jpg?resize=250%2C250&#038;ssl=1\" alt=\"ARCHIE. VOLUMEN DOS \" width=\"250\" height=\"250\" \/><\/a><\/div>\n<div class=\"product-image-container\"><a class=\"product-name\" style=\"font-size: 18px; font-weight: bold;\" title=\"ARCHIE. VOLUMEN DOS \" href=\"https:\/\/www.comicalia.com\/fantasia-otros-mundos\/27693-archie-volumen-dos-9788467927559.html\">ARCHIE. VOLUMEN DOS<\/a><\/div>\n<\/div>\n<div class=\"center-block col-xs-4 col-sm-7 col-md-4\">\n<p class=\"product-desc\">\u00a1LA VIDA DE ARCHIE NO PARA DE COMPLICARSE! 18,50 \u20ac<\/p>\n<\/div>\n<\/div>\n<\/div>\n<div class=\"product-container\">\n<div class=\"row\">\n<div class=\"left-block col-xs-4 col-sm-5 col-md-4\">\n<div class=\"product-image-container\"><a class=\"product_img_link\" title=\"MUERDEU\u00d1AS 5. LAZOS DE SANGRE \" href=\"https:\/\/www.comicalia.com\/fantasia-otros-mundos\/27692-muerdeunas-5-lazos-de-sangre-9788467927603.html\"><img data-recalc-dims=\"1\" loading=\"lazy\" decoding=\"async\" class=\"replace-2x img-responsive\" title=\"MUERDEU\u00d1AS 5. LAZOS DE SANGRE \" src=\"https:\/\/i0.wp.com\/www.comicalia.com\/28236-home_default\/muerdeunas-5-lazos-de-sangre.jpg?resize=250%2C250&#038;ssl=1\" alt=\"MUERDEU\u00d1AS 5. LAZOS DE SANGRE \" width=\"250\" height=\"250\" \/><\/a><\/div>\n<div class=\"product-image-container\"><a class=\"product-name\" style=\"font-size: 18px; font-weight: bold;\" title=\"MUERDEU\u00d1AS 5. LAZOS DE SANGRE \" href=\"https:\/\/www.comicalia.com\/fantasia-otros-mundos\/27692-muerdeunas-5-lazos-de-sangre-9788467927603.html\">MUERDEU\u00d1AS 5. LAZOS DE SANGRE<\/a><\/div>\n<\/div>\n<div class=\"center-block col-xs-4 col-sm-7 col-md-4\">\n<p class=\"product-desc\">EL PEN\u00daLTIMO EPISODIO DEL MISTERIO QUE TODOS ESTAMOS ANSIOSOS POR RESOLVER 17,50 \u20ac<\/p>\n<\/div>\n<\/div>\n<\/div>\n<div class=\"product-container\">\n<div class=\"row\">\n<div class=\"left-block col-xs-4 col-sm-5 col-md-4\">\n<div class=\"product-image-container\"><a class=\"product_img_link\" title=\"BALTIMORE 7. TUMBAS VAC\u00cd\" href=\"https:\/\/www.comicalia.com\/fantasia-otros-mundos\/27691-baltimore-7-tumbas-vaci-9788467927511.html\"><img data-recalc-dims=\"1\" loading=\"lazy\" decoding=\"async\" class=\"replace-2x img-responsive\" title=\"BALTIMORE 7. TUMBAS VAC\u00cd\" src=\"https:\/\/i0.wp.com\/www.comicalia.com\/28235-home_default\/baltimore-7-tumbas-vaci.jpg?resize=250%2C250&#038;ssl=1\" alt=\"BALTIMORE 7. TUMBAS VAC\u00cd\" width=\"250\" height=\"250\" \/><\/a><\/div>\n<div class=\"product-image-container\"><a class=\"product-name\" style=\"font-size: 18px; font-weight: bold;\" title=\"BALTIMORE 7. TUMBAS VAC\u00cd\" href=\"https:\/\/www.comicalia.com\/fantasia-otros-mundos\/27691-baltimore-7-tumbas-vaci-9788467927511.html\">BALTIMORE 7. TUMBAS VAC\u00cd<\/a><\/div>\n<\/div>\n<div class=\"center-block col-xs-4 col-sm-7 col-md-4\">\n<p class=\"product-desc\">LA CACER\u00cdA DE LA BRUJA ROJA 17,50 \u20ac<\/p>\n<\/div>\n<\/div>\n<\/div>\n<div class=\"product-container\">\n<div class=\"row\">\n<div class=\"left-block col-xs-4 col-sm-5 col-md-4\">\n<div class=\"product-image-container\"><a class=\"product_img_link\" title=\"THE WICKED + THE DIVINE 2. FANDEM\u00d3NIUM\" href=\"https:\/\/www.comicalia.com\/fantasia-otros-mundos\/27690-the-wicked-the-divine-2-fandemonium-9788467927436.html\"><img data-recalc-dims=\"1\" loading=\"lazy\" decoding=\"async\" class=\"replace-2x img-responsive\" title=\"THE WICKED + THE DIVINE 2. FANDEM\u00d3NIUM\" src=\"https:\/\/i0.wp.com\/www.comicalia.com\/28234-home_default\/the-wicked-the-divine-2-fandemonium.jpg?resize=250%2C250&#038;ssl=1\" alt=\"THE WICKED + THE DIVINE 2. FANDEM\u00d3NIUM\" width=\"250\" height=\"250\" \/><\/a><\/div>\n<div class=\"product-image-container\"><a class=\"product-name\" style=\"font-size: 18px; font-weight: bold;\" title=\"THE WICKED + THE DIVINE 2. FANDEM\u00d3NIUM\" href=\"https:\/\/www.comicalia.com\/fantasia-otros-mundos\/27690-the-wicked-the-divine-2-fandemonium-9788467927436.html\">THE WICKED + THE DIVINE 2. FANDEM\u00d3NIUM<\/a><\/div>\n<\/div>\n<div class=\"center-block col-xs-4 col-sm-7 col-md-4\">\n<p class=\"product-desc\">BIENVENIDOS AL FANTE\u00d3N, LA CONVENCI\u00d3N DE FANS DEL PANTE\u00d3N 19,00 \u20ac<\/p>\n<\/div>\n<\/div>\n<\/div>\n<div class=\"product-container\">\n<div class=\"row\">\n<div class=\"left-block col-xs-4 col-sm-5 col-md-4\">\n<div class=\"product-image-container\"><a class=\"product_img_link\" title=\"DRIFTER 3. ILUMINADO POR EL FUEGO\" href=\"https:\/\/www.comicalia.com\/fantasia-otros-mundos\/27689-drifter-3-iluminado-por-el-fuego-9788467927627.html\"><img data-recalc-dims=\"1\" loading=\"lazy\" decoding=\"async\" class=\"replace-2x img-responsive\" title=\"DRIFTER 3. ILUMINADO POR EL FUEGO\" src=\"https:\/\/i0.wp.com\/www.comicalia.com\/28233-home_default\/drifter-3-iluminado-por-el-fuego.jpg?resize=250%2C250&#038;ssl=1\" alt=\"DRIFTER 3. ILUMINADO POR EL FUEGO\" width=\"250\" height=\"250\" \/><\/a><\/div>\n<div class=\"product-image-container\"><a class=\"product-name\" style=\"font-size: 18px; font-weight: bold;\" title=\"DRIFTER 3. ILUMINADO POR EL FUEGO\" href=\"https:\/\/www.comicalia.com\/fantasia-otros-mundos\/27689-drifter-3-iluminado-por-el-fuego-9788467927627.html\">DRIFTER 3. ILUMINADO POR EL FUEGO<\/a><\/div>\n<\/div>\n<div class=\"center-block col-xs-4 col-sm-7 col-md-4\">\n<p class=\"product-desc\">UN REGRESO. UNA REBELI\u00d3N. MIEDO, Y LA HUIDA 16,50 \u20ac<\/p>\n<\/div>\n<\/div>\n<\/div>\n<div class=\"product-container\">\n<div class=\"row\">\n<div class=\"left-block col-xs-4 col-sm-5 col-md-4\">\n<div class=\"product-image-container\"><a class=\"product_img_link\" title=\"LA CARTA 44 4. SALVADORES\" href=\"https:\/\/www.comicalia.com\/fantasia-otros-mundos\/27688-la-carta-44-4-salvadores-9788467927610.html\"><img data-recalc-dims=\"1\" loading=\"lazy\" decoding=\"async\" class=\"replace-2x img-responsive\" title=\"LA CARTA 44 4. SALVADORES\" src=\"https:\/\/i0.wp.com\/www.comicalia.com\/28232-home_default\/la-carta-44-4-salvadores.jpg?resize=250%2C250&#038;ssl=1\" alt=\"LA CARTA 44 4. SALVADORES\" width=\"250\" height=\"250\" \/><\/a><\/div>\n<div class=\"product-image-container\"><a class=\"product-name\" style=\"font-size: 18px; font-weight: bold;\" title=\"LA CARTA 44 4. SALVADORES\" href=\"https:\/\/www.comicalia.com\/fantasia-otros-mundos\/27688-la-carta-44-4-salvadores-9788467927610.html\">LA CARTA 44 4. SALVADORES<\/a><\/div>\n<\/div>\n<div class=\"center-block col-xs-4 col-sm-7 col-md-4\">\n<p class=\"product-desc\">PR\u00d3XIMO OBJETIVO: LA TIERRA 17,50 \u20ac<\/p>\n<\/div>\n<\/div>\n<\/div>\n<div class=\"product-container\">\n<div class=\"row\">\n<div class=\"left-block col-xs-4 col-sm-5 col-md-4\">\n<div class=\"product-image-container\"><a class=\"product_img_link\" title=\"AUDUBON. SOBRE LAS ALAS DEL MUNDO \" href=\"https:\/\/www.comicalia.com\/bd-nueva-ola\/27687-audubon-sobre-las-alas-del-mundo-9788467927504.html\"><img data-recalc-dims=\"1\" loading=\"lazy\" decoding=\"async\" class=\"replace-2x img-responsive\" title=\"AUDUBON. SOBRE LAS ALAS DEL MUNDO \" src=\"https:\/\/i0.wp.com\/www.comicalia.com\/28239-home_default\/audubon-sobre-las-alas-del-mundo.jpg?resize=250%2C250&#038;ssl=1\" alt=\"AUDUBON. SOBRE LAS ALAS DEL MUNDO \" width=\"250\" height=\"250\" \/><\/a><\/div>\n<div class=\"product-image-container\"><a class=\"product-name\" style=\"font-size: 18px; font-weight: bold;\" title=\"AUDUBON. SOBRE LAS ALAS DEL MUNDO \" href=\"https:\/\/www.comicalia.com\/bd-nueva-ola\/27687-audubon-sobre-las-alas-del-mundo-9788467927504.html\">AUDUBON. SOBRE LAS ALAS DEL MUNDO<\/a><\/div>\n<\/div>\n<div class=\"center-block col-xs-4 col-sm-7 col-md-4\">\n<p class=\"product-desc\">LA BIOGRAF\u00cdA DEL ORNIT\u00d3LOGO Y EXPLORADOR M\u00c1S EMBLEM\u00c1TICO DEL SIGLO XIX 26,00 \u20ac<\/p>\n<\/div>\n<\/div>\n<\/div>\n<div class=\"product-container\">\n<div class=\"row\">\n<div class=\"left-block col-xs-4 col-sm-5 col-md-4\">\n<div class=\"product-image-container\"><a class=\"product_img_link\" title=\"MARINA 3. \u00a1RAZZIAS! \" href=\"https:\/\/www.comicalia.com\/bd-nueva-ola\/27686-marina-3-razzias-9788467927795.html\"><img data-recalc-dims=\"1\" loading=\"lazy\" decoding=\"async\" class=\"replace-2x img-responsive\" title=\"MARINA 3. \u00a1RAZZIAS! \" src=\"https:\/\/i0.wp.com\/www.comicalia.com\/28231-home_default\/marina-3-razzias.jpg?resize=250%2C250&#038;ssl=1\" alt=\"MARINA 3. \u00a1RAZZIAS! \" width=\"250\" height=\"250\" \/><\/a><\/div>\n<div class=\"product-image-container\"><a class=\"product-name\" style=\"font-size: 18px; font-weight: bold;\" title=\"MARINA 3. \u00a1RAZZIAS! \" href=\"https:\/\/www.comicalia.com\/bd-nueva-ola\/27686-marina-3-razzias-9788467927795.html\">MARINA 3. \u00a1RAZZIAS!<\/a><\/div>\n<\/div>\n<div class=\"center-block col-xs-4 col-sm-7 col-md-4\">\n<p class=\"product-desc\">LA SAGA DE PIRATAS VENECIANOS DEL CREADOR DE LYDIE Y SHI\u00a0<span class=\"price product-price\">16,00 \u20ac<\/span><\/p>\n<\/div>\n<\/div>\n<\/div>\n<div class=\"product-container\">\n<div class=\"row\">\n<div class=\"left-block col-xs-4 col-sm-5 col-md-4\">\n<div class=\"product-image-container\"><a class=\"product_img_link\" title=\"LA BALADA DEL MAR SALADO. EDICI\u00d3N 50 ANIVERSARIO\" href=\"https:\/\/www.comicalia.com\/bd-aventura\/27685-la-balada-del-mar-salado-edicion-50-aniversario-9788467927733.html\"><img data-recalc-dims=\"1\" loading=\"lazy\" decoding=\"async\" class=\"replace-2x img-responsive\" title=\"LA BALADA DEL MAR SALADO. EDICI\u00d3N 50 ANIVERSARIO\" src=\"https:\/\/i0.wp.com\/www.comicalia.com\/28230-home_default\/la-balada-del-mar-salado-edicion-50-aniversario.jpg?resize=250%2C250&#038;ssl=1\" alt=\"LA BALADA DEL MAR SALADO. EDICI\u00d3N 50 ANIVERSARIO\" width=\"250\" height=\"250\" \/><\/a><\/div>\n<div class=\"product-image-container\"><a class=\"product-name\" style=\"font-size: 18px; font-weight: bold;\" title=\"LA BALADA DEL MAR SALADO. EDICI\u00d3N 50 ANIVERSARIO\" href=\"https:\/\/www.comicalia.com\/bd-aventura\/27685-la-balada-del-mar-salado-edicion-50-aniversario-9788467927733.html\">LA BALADA DEL MAR SALADO. EDICI\u00d3N 50&#8230;<\/a><\/div>\n<\/div>\n<div class=\"center-block col-xs-4 col-sm-7 col-md-4\">\n<p class=\"product-desc\">UN CL\u00c1SICO DE LA HISTORIA DEL C\u00d3MIC EN UNA EDICI\u00d3N DE LUJO 59,00 \u20ac<\/p>\n<\/div>\n<\/div>\n<\/div>\n<div class=\"product-container\">\n<div class=\"row\">\n<div class=\"left-block col-xs-4 col-sm-5 col-md-4\">\n<div class=\"product-image-container\"><a class=\"product_img_link\" title=\"LOS PITUFOS 35. LOS PITUFOS Y EL MEDIO GENIO\" href=\"https:\/\/www.comicalia.com\/bd-aventura\/27684-los-pitufos-35-los-pitufos-y-el-medio-genio-9788467927276.html\"><img data-recalc-dims=\"1\" loading=\"lazy\" decoding=\"async\" class=\"replace-2x img-responsive\" title=\"LOS PITUFOS 35. LOS PITUFOS Y EL MEDIO GENIO\" src=\"https:\/\/i0.wp.com\/www.comicalia.com\/28229-home_default\/los-pitufos-35-los-pitufos-y-el-medio-genio.jpg?resize=250%2C250&#038;ssl=1\" alt=\"LOS PITUFOS 35. LOS PITUFOS Y EL MEDIO GENIO\" width=\"250\" height=\"250\" \/><\/a><\/div>\n<div class=\"product-image-container\"><a class=\"product-name\" style=\"font-size: 18px; font-weight: bold;\" title=\"LOS PITUFOS 35. LOS PITUFOS Y EL MEDIO GENIO\" href=\"https:\/\/www.comicalia.com\/bd-aventura\/27684-los-pitufos-35-los-pitufos-y-el-medio-genio-9788467927276.html\">LOS PITUFOS 35. LOS PITUFOS Y EL MEDIO GENIO<\/a><\/div>\n<\/div>\n<div class=\"center-block col-xs-4 col-sm-7 col-md-4\">\n<p class=\"product-desc\">\u00a1ESTE GENIO ES UN DESASTRE! 12,00 \u20ac<\/p>\n<\/div>\n<\/div>\n<\/div>\n<div class=\"product-container\">\n<div class=\"row\">\n<div class=\"left-block col-xs-4 col-sm-5 col-md-4\">\n<div class=\"product-image-container\"><a class=\"product_img_link\" title=\"VALERIAN Y LA CIUDAD DE LOS MIL PLANETAS \" href=\"https:\/\/www.comicalia.com\/bd-aventura\/27683-valerian-y-la-ciudad-de-los-mil-planetas-9788467927108.html\"><img data-recalc-dims=\"1\" loading=\"lazy\" decoding=\"async\" class=\"replace-2x img-responsive\" title=\"VALERIAN Y LA CIUDAD DE LOS MIL PLANETAS \" src=\"https:\/\/i0.wp.com\/www.comicalia.com\/28228-home_default\/valerian-y-la-ciudad-de-los-mil-planetas.jpg?resize=250%2C250&#038;ssl=1\" alt=\"VALERIAN Y LA CIUDAD DE LOS MIL PLANETAS \" width=\"250\" height=\"250\" \/><\/a><\/div>\n<div class=\"product-image-container\"><a class=\"product-name\" style=\"font-size: 18px; font-weight: bold;\" title=\"VALERIAN Y LA CIUDAD DE LOS MIL PLANETAS \" href=\"https:\/\/www.comicalia.com\/bd-aventura\/27683-valerian-y-la-ciudad-de-los-mil-planetas-9788467927108.html\">VALERIAN Y LA CIUDAD DE LOS MIL PLANETAS<\/a><\/div>\n<\/div>\n<div class=\"center-block col-xs-4 col-sm-7 col-md-4\">\n<p class=\"product-desc\">VOLUMEN INTEGRAL QUE RECOGE LAS DOS HISTORIAS QUE INSPIRARON LA \u00daLTIMA PEL\u00cdCULA DE LUC BESSON 24,00 \u20ac<\/p>\n<\/div>\n<\/div>\n<\/div>\n<div class=\"product-container\">\n<div class=\"row\">\n<div class=\"left-block col-xs-4 col-sm-5 col-md-4\">\n<div class=\"product-image-container\"><a class=\"product_img_link\" title=\"SIEGFRIED. EDICI\u00d3N INTEGRAL \" href=\"https:\/\/www.comicalia.com\/bd-nueva-ola\/27682-siegfried-edicion-integral-9788467927818.html\"><img data-recalc-dims=\"1\" loading=\"lazy\" decoding=\"async\" class=\"replace-2x img-responsive\" title=\"SIEGFRIED. EDICI\u00d3N INTEGRAL \" src=\"https:\/\/i0.wp.com\/www.comicalia.com\/28227-home_default\/siegfried-edicion-integral.jpg?resize=250%2C250&#038;ssl=1\" alt=\"SIEGFRIED. EDICI\u00d3N INTEGRAL \" width=\"250\" height=\"250\" \/><\/a><\/div>\n<div class=\"product-image-container\"><a class=\"product-name\" style=\"font-size: 18px; font-weight: bold;\" title=\"SIEGFRIED. EDICI\u00d3N INTEGRAL \" href=\"https:\/\/www.comicalia.com\/bd-nueva-ola\/27682-siegfried-edicion-integral-9788467927818.html\">SIEGFRIED. EDICI\u00d3N INTEGRAL<\/a><\/div>\n<\/div>\n<div class=\"center-block col-xs-4 col-sm-7 col-md-4\">\n<p class=\"product-desc\">UNA DE LAS MAYORES EPOPEYAS DEL C\u00d3MIC EUROPEO DEL SIGLO XXI 35,00 \u20ac<\/p>\n<\/div>\n<\/div>\n<\/div>\n","protected":false},"excerpt":{"rendered":"<p>NORMA BLACK CLOVER 3 NADIE DIJO QUE CONVERTIRSE EN EL REY DE LOS MAGOS FUESE A SER UN CAMINO DE ROSAS&#8230; 8,00 \u20ac SERAPH OF THE END 7 \u00a1LOS NERVIOS Y LAS GANAS DE LANZARSE&hellip; <a class=\"read-more-link\" href=\"https:\/\/www.atomcomics.net\/blog\/2017\/07\/26\/novedad-norma-esta-aqui\/\">(seguir leyendo)<\/a><\/p>\n","protected":false},"author":1,"featured_media":9921,"comment_status":"closed","ping_status":"open","sticky":false,"template":"","format":"standard","meta":{"jetpack_post_was_ever_published":false,"_jetpack_newsletter_access":"","_jetpack_dont_email_post_to_subs":false,"_jetpack_newsletter_tier_id":0,"_jetpack_memberships_contains_paywalled_content":false,"_jetpack_memberships_contains_paid_content":false,"footnotes":"","jetpack_publicize_message":"","jetpack_publicize_feature_enabled":true,"jetpack_social_post_already_shared":true,"jetpack_social_options":{"image_generator_settings":{"template":"highway","default_image_id":0,"font":"","enabled":false},"version":2}},"categories":[3],"tags":[],"class_list":["post-9852","post","type-post","status-publish","format-standard","has-post-thumbnail","hentry","category-novedades"],"jetpack_publicize_connections":[],"jetpack_featured_media_url":"https:\/\/i0.wp.com\/www.atomcomics.net\/blog\/wp-content\/uploads\/logonegro.png?fit=473%2C191&ssl=1","jetpack_shortlink":"https:\/\/wp.me\/p53Ua-2yU","jetpack-related-posts":[{"id":2458,"url":"https:\/\/www.atomcomics.net\/blog\/2010\/05\/11\/novedad-restantes-de-norma\/","url_meta":{"origin":9852,"position":0},"title":"Novedad: Restantes de NORMA","author":"ATOM COMICS","date":"11, mayo, 2010","format":false,"excerpt":"NORMA Inside Moebius vol.2 - 29\u20ac Arturo vol.1 - 16\u20ac Misty Circus #2 - 14\u20ac In Requiem - 20\u20ac","rel":"","context":"En \u00abNovedades\u00bb","block_context":{"text":"Novedades","link":"https:\/\/www.atomcomics.net\/blog\/category\/novedades\/"},"img":{"alt_text":"","src":"https:\/\/i0.wp.com\/www.atomcomics.net\/tienda\/images\/NORMA\/mistycircus02.jpg?resize=350%2C200","width":350,"height":200},"classes":[]},{"id":630,"url":"https:\/\/www.atomcomics.net\/blog\/2006\/11\/11\/novedad-norma-y-biblioteca-laberinto\/","url_meta":{"origin":9852,"position":1},"title":"Novedad: Norma y Biblioteca Laberinto","author":"ATOM COMICS","date":"11, noviembre, 2006","format":false,"excerpt":"NORMAKanji en Vi\u00f1etas #1 - 14,95\u20acBIBLIOTECA LABERINTOAelita, de A.K. Tolstoi - 15\u20acEspadachinas de R.E. Howard - 15\u20acLa Llama Negra de S.G. Weinbaum - 18\u20acLa Gran Necr\u00f3polis - 15\u20ac Norma completa su novedad con su , creo que ya no falta nada del mes. Adem\u00e1s, nuevos t\u00edtulos de literatura, destaca Espadachinas\u2026","rel":"","context":"En \u00abNovedades\u00bb","block_context":{"text":"Novedades","link":"https:\/\/www.atomcomics.net\/blog\/category\/novedades\/"},"img":{"alt_text":"","src":"https:\/\/i0.wp.com\/i62.photobucket.com\/albums\/h108\/atomcomics\/barra-1-1.jpg?resize=350%2C200","width":350,"height":200},"classes":[]},{"id":114,"url":"https:\/\/www.atomcomics.net\/blog\/2005\/10\/05\/novedades-en-atomy-sorpresa-de-norma\/","url_meta":{"origin":9852,"position":2},"title":"Novedades en ATOM&#8230;y sorpresa de Norma","author":"ATOM COMICS","date":"5, octubre, 2005","format":false,"excerpt":"Pues nos llegan cositas entre semana, esperando a lo gordo de ma\u00f1ana, pero adem\u00e1s con sorpresa, y es que Norma Editorial se lanza al mundo del Quiosco, y lo hacen con un coleccionable de Sin City, que es lo que ten\u00e9is muchos ya pero con CARTAS DE POKER!!! NORMA EDITORIAL\u2026","rel":"","context":"Entrada similar","block_context":{"text":"Entrada similar","link":""},"img":{"alt_text":"","src":"","width":0,"height":0},"classes":[]},{"id":7847,"url":"https:\/\/www.atomcomics.net\/blog\/2015\/04\/27\/novedad-milky-way-faltante-de-norma\/","url_meta":{"origin":9852,"position":3},"title":"Novedad: Milky Way faltante de Norma","author":"ATOM COMICS","date":"27, abril, 2015","format":false,"excerpt":"MILKY WAY Utsubora, Vol. 2\u00a08,00 \u20ac A Silent Voice, Vol. 2\u00a08,00 \u20ac Your Lie in April, Vol. 2\u00a08,00 \u20ac NORMA AREA D 1\u00a08,00 \u20ac","rel":"","context":"En \u00abNovedades\u00bb","block_context":{"text":"Novedades","link":"https:\/\/www.atomcomics.net\/blog\/category\/novedades\/"},"img":{"alt_text":"Utsubora, Vol. 2","src":"https:\/\/i0.wp.com\/www.comicalia.com\/17603-large\/utsubora-vol-2.jpg?resize=350%2C200","width":350,"height":200},"classes":[]},{"id":426,"url":"https:\/\/www.atomcomics.net\/blog\/2006\/07\/01\/novedad-norma-julio\/","url_meta":{"origin":9852,"position":4},"title":"Novedad: Norma Julio","author":"ATOM COMICS","date":"1, julio, 2006","format":false,"excerpt":"Comienza el mes y toca novedad: NORMA - Las Etiopicas Corto Malt\u00e9s - 23\u20ac - Paraiso Perdido #3 Paraiso - 13\u20ac - Hijo de la Tormenta #2 La Encrucijada de los Vientos - 13\u20ac - Smoke Los Ni\u00f1os Buenos Crecen - 16\u20ac - Chicanos #3 La Sangres es Siempre Roja\u2026","rel":"","context":"En \u00abNovedades\u00bb","block_context":{"text":"Novedades","link":"https:\/\/www.atomcomics.net\/blog\/category\/novedades\/"},"img":{"alt_text":"","src":"","width":0,"height":0},"classes":[]},{"id":19,"url":"https:\/\/www.atomcomics.net\/blog\/2005\/06\/14\/renovacion-de-la-web-de-norma\/","url_meta":{"origin":9852,"position":5},"title":"renovaci\u00f3n de la web de NORMA","author":"ATOM COMICS","date":"14, junio, 2005","format":false,"excerpt":"Sin duda es \u00e9poca de cambio en las editoriales, cambian los fondos y tambi\u00e9n las formas, y NORMA se suma al carro siguiendo los pasos de Planeta, Glenat y Panini. Comentar que es muy chula est\u00e9ticamente, pero no s\u00e9 si muy funcional...qu\u00e9 os parece a vosotros. www.norma-ed.es","rel":"","context":"Con 1 comentario","block_context":{"text":"Con 1 comentario","link":"https:\/\/www.atomcomics.net\/blog\/2005\/06\/14\/renovacion-de-la-web-de-norma\/#comments"},"img":{"alt_text":"","src":"","width":0,"height":0},"classes":[]}],"jetpack_sharing_enabled":true,"_links":{"self":[{"href":"https:\/\/www.atomcomics.net\/blog\/wp-json\/wp\/v2\/posts\/9852","targetHints":{"allow":["GET"]}}],"collection":[{"href":"https:\/\/www.atomcomics.net\/blog\/wp-json\/wp\/v2\/posts"}],"about":[{"href":"https:\/\/www.atomcomics.net\/blog\/wp-json\/wp\/v2\/types\/post"}],"author":[{"embeddable":true,"href":"https:\/\/www.atomcomics.net\/blog\/wp-json\/wp\/v2\/users\/1"}],"replies":[{"embeddable":true,"href":"https:\/\/www.atomcomics.net\/blog\/wp-json\/wp\/v2\/comments?post=9852"}],"version-history":[{"count":2,"href":"https:\/\/www.atomcomics.net\/blog\/wp-json\/wp\/v2\/posts\/9852\/revisions"}],"predecessor-version":[{"id":9859,"href":"https:\/\/www.atomcomics.net\/blog\/wp-json\/wp\/v2\/posts\/9852\/revisions\/9859"}],"wp:featuredmedia":[{"embeddable":true,"href":"https:\/\/www.atomcomics.net\/blog\/wp-json\/wp\/v2\/media\/9921"}],"wp:attachment":[{"href":"https:\/\/www.atomcomics.net\/blog\/wp-json\/wp\/v2\/media?parent=9852"}],"wp:term":[{"taxonomy":"category","embeddable":true,"href":"https:\/\/www.atomcomics.net\/blog\/wp-json\/wp\/v2\/categories?post=9852"},{"taxonomy":"post_tag","embeddable":true,"href":"https:\/\/www.atomcomics.net\/blog\/wp-json\/wp\/v2\/tags?post=9852"}],"curies":[{"name":"wp","href":"https:\/\/api.w.org\/{rel}","templated":true}]}}