{"id":9860,"date":"2017-07-26T10:59:55","date_gmt":"2017-07-26T09:59:55","guid":{"rendered":"http:\/\/www.atomcomics.net\/?p=9860"},"modified":"2017-08-18T18:01:13","modified_gmt":"2017-08-18T17:01:13","slug":"podcast-grant-estas-castigado-y-la-busqueda-de-un-regalo","status":"publish","type":"post","link":"https:\/\/www.atomcomics.net\/blog\/2017\/07\/26\/podcast-grant-estas-castigado-y-la-busqueda-de-un-regalo\/","title":{"rendered":"Podcast. Grant est\u00e1s castigado y la b\u00fasqueda de un regalo"},"content":{"rendered":"<p><a href=\"https:\/\/www.ivoox.com\/19961049\">Nuevo cap\u00edtulo de <strong><em>Altamente Il\u00f3gico<\/em><\/strong><\/a>. En esta ocasi\u00f3n Javi Suxinsu busca lectura y tambi\u00e9n un regalo. Qu\u00e9 mejor que un nuevo paseo por la tienda para encontrar los objetos deseados.<br \/>\n<iframe loading=\"lazy\" id=\"audio_19961049\" style=\"border: 1px solid #EEE; box-sizing: border-box; width: 100%;\" src=\"https:\/\/www.ivoox.com\/player_ej_19961049_4_1.html?c1=ff6600\" width=\"300\" height=\"200\" frameborder=\"0\" scrolling=\"no\" allowfullscreen=\"allowfullscreen\"><\/iframe><\/p>\n<p><strong><em>Altamente il\u00f3gico<\/em><\/strong> es un podcast sobre c\u00f3mic, lecturas y lo que salga.<\/p>\n<p>La charla\/paseo tuvo lugar el 21 de Julio de 2017 en Atom C\u00f3mics (C\/Fuencarral 134, Madrid).<\/p>\n<p>Esperemos que os guste.<\/p>\n","protected":false},"excerpt":{"rendered":"<p>Nuevo cap\u00edtulo de Altamente Il\u00f3gico. En esta ocasi\u00f3n Javi Suxinsu busca lectura y tambi\u00e9n un regalo. Qu\u00e9 mejor que un nuevo paseo por la tienda para encontrar los objetos deseados. Altamente il\u00f3gico es un podcast&hellip; <a class=\"read-more-link\" href=\"https:\/\/www.atomcomics.net\/blog\/2017\/07\/26\/podcast-grant-estas-castigado-y-la-busqueda-de-un-regalo\/\">(seguir leyendo)<\/a><\/p>\n","protected":false},"author":1,"featured_media":9953,"comment_status":"closed","ping_status":"open","sticky":false,"template":"","format":"standard","meta":{"jetpack_post_was_ever_published":false,"_jetpack_newsletter_access":"","_jetpack_dont_email_post_to_subs":false,"_jetpack_newsletter_tier_id":0,"_jetpack_memberships_contains_paywalled_content":false,"_jetpack_memberships_contains_paid_content":false,"footnotes":"","jetpack_publicize_message":"","jetpack_publicize_feature_enabled":true,"jetpack_social_post_already_shared":true,"jetpack_social_options":{"image_generator_settings":{"template":"highway","default_image_id":0,"font":"","enabled":false},"version":2}},"categories":[46],"tags":[],"class_list":["post-9860","post","type-post","status-publish","format-standard","has-post-thumbnail","hentry","category-pod"],"jetpack_publicize_connections":[],"jetpack_featured_media_url":"https:\/\/i0.wp.com\/www.atomcomics.net\/blog\/wp-content\/uploads\/Grant-Morrison-by-Frank-quitely.jpg?fit=500%2C225&ssl=1","jetpack_shortlink":"https:\/\/wp.me\/p53Ua-2z2","jetpack-related-posts":[{"id":10053,"url":"https:\/\/www.atomcomics.net\/blog\/2017\/08\/28\/altamente-ilogico-26-autasasinofilia-hulka-bois-maury-y-mas\/","url_meta":{"origin":9860,"position":0},"title":"Altamente il\u00f3gico 26. Autasasinofilia, Hulka, Bois-Maury y m\u00e1s","author":"ATOM COMICS","date":"28, agosto, 2017","format":false,"excerpt":"Un nuevo cap\u00edtulo de Altamente il\u00f3gico. Un podcast cuanto menos il\u00f3gico.","rel":"","context":"En \u00abPodcast\u00bb","block_context":{"text":"Podcast","link":"https:\/\/www.atomcomics.net\/blog\/category\/pod\/"},"img":{"alt_text":"","src":"https:\/\/i0.wp.com\/www.atomcomics.net\/blog\/wp-content\/uploads\/autasasinofilia-01-e1503913919665.jpg?fit=800%2C400&ssl=1&resize=350%2C200","width":350,"height":200,"srcset":"https:\/\/i0.wp.com\/www.atomcomics.net\/blog\/wp-content\/uploads\/autasasinofilia-01-e1503913919665.jpg?fit=800%2C400&ssl=1&resize=350%2C200 1x, https:\/\/i0.wp.com\/www.atomcomics.net\/blog\/wp-content\/uploads\/autasasinofilia-01-e1503913919665.jpg?fit=800%2C400&ssl=1&resize=525%2C300 1.5x, https:\/\/i0.wp.com\/www.atomcomics.net\/blog\/wp-content\/uploads\/autasasinofilia-01-e1503913919665.jpg?fit=800%2C400&ssl=1&resize=700%2C400 2x"},"classes":[]},{"id":9882,"url":"https:\/\/www.atomcomics.net\/blog\/2017\/08\/03\/altamente-ilogico-25-de-la-raza-superior-a-peter-bagge\/","url_meta":{"origin":9860,"position":1},"title":"Altamente il\u00f3gico 25. De la raza superior a Peter Bagge","author":"ATOM COMICS","date":"3, agosto, 2017","format":false,"excerpt":"Antes de que nos vayamos de vacaciones os dejamos un \u00faltimo cap\u00edtulo del podcast Altamente il\u00f3gico, as\u00ed no nos echareis de menos y quiz\u00e1s nos ech\u00e9is de m\u00e1s. Un nuevo paseo por la tienda, en esta ocasi\u00f3n Javi y el librero charlan sobre lecturas recientes: Qu\u00e9 les ha gustado, que\u2026","rel":"","context":"En \u00abPodcast\u00bb","block_context":{"text":"Podcast","link":"https:\/\/www.atomcomics.net\/blog\/category\/pod\/"},"img":{"alt_text":"","src":"https:\/\/i0.wp.com\/www.atomcomics.net\/blog\/wp-content\/uploads\/rsz-gallerycomics-1920x1080-20170329-dktmr-cv8-58b8753587dc7390959686-1490831836376_400w.jpg?fit=400%2C226&ssl=1&resize=350%2C200","width":350,"height":200},"classes":[]},{"id":10322,"url":"https:\/\/www.atomcomics.net\/blog\/2017\/10\/23\/altamente-ilogico-27-la-radio-da-miedo\/","url_meta":{"origin":9860,"position":2},"title":"Altamente Il\u00f3gico 27. La radio da miedo","author":"ATOM COMICS","date":"23, octubre, 2017","format":false,"excerpt":"Un nuevo paseo, ya van unos cuantos, por la tienda junto a Javi Suxinsu, Ana Rodr\u00edguez y la participaci\u00f3n estelar de Rafa Otero, que junto al librero hablar\u00e1n de de los que m\u00e1s nos gusta: Los c\u00f3mics. En este programa encontrar\u00e9is recomendaciones para todo tipo de lector y bolsillo. Y\u2026","rel":"","context":"En \u00abPodcast\u00bb","block_context":{"text":"Podcast","link":"https:\/\/www.atomcomics.net\/blog\/category\/pod\/"},"img":{"alt_text":"","src":"https:\/\/i0.wp.com\/www.atomcomics.net\/blog\/wp-content\/uploads\/NB15-Nguyen-logo-620x400-e1508754339101.jpg?fit=620%2C400&ssl=1&resize=350%2C200","width":350,"height":200,"srcset":"https:\/\/i0.wp.com\/www.atomcomics.net\/blog\/wp-content\/uploads\/NB15-Nguyen-logo-620x400-e1508754339101.jpg?fit=620%2C400&ssl=1&resize=350%2C200 1x, https:\/\/i0.wp.com\/www.atomcomics.net\/blog\/wp-content\/uploads\/NB15-Nguyen-logo-620x400-e1508754339101.jpg?fit=620%2C400&ssl=1&resize=525%2C300 1.5x"},"classes":[]},{"id":9819,"url":"https:\/\/www.atomcomics.net\/blog\/2017\/07\/07\/altamente-ilogico-23-de-paseo-por-la-tienda\/","url_meta":{"origin":9860,"position":3},"title":"Altamente Il\u00f3gico 23. De paseo por la tienda","author":"ATOM COMICS","date":"7, julio, 2017","format":false,"excerpt":"El librero y Javi Suxinsu pasean por la tienda y hablan de tebeos y de sus cosas. Como siempre, altamente il\u00f3gico. Un repaso desenfadado a la novedad comiquera con alguna recomendaci\u00f3n y lluvia en la calle. La charla\/paseo tuvo lugar el 6 de Julio de 2017 en Atom C\u00f3mics (C\/Fuencarral\u2026","rel":"","context":"En \u00abPodcast\u00bb","block_context":{"text":"Podcast","link":"https:\/\/www.atomcomics.net\/blog\/category\/pod\/"},"img":{"alt_text":"","src":"https:\/\/i0.wp.com\/www.atomcomics.net\/blog\/wp-content\/uploads\/supersons.jpg?fit=1200%2C675&ssl=1&resize=350%2C200","width":350,"height":200,"srcset":"https:\/\/i0.wp.com\/www.atomcomics.net\/blog\/wp-content\/uploads\/supersons.jpg?fit=1200%2C675&ssl=1&resize=350%2C200 1x, https:\/\/i0.wp.com\/www.atomcomics.net\/blog\/wp-content\/uploads\/supersons.jpg?fit=1200%2C675&ssl=1&resize=525%2C300 1.5x, https:\/\/i0.wp.com\/www.atomcomics.net\/blog\/wp-content\/uploads\/supersons.jpg?fit=1200%2C675&ssl=1&resize=700%2C400 2x, https:\/\/i0.wp.com\/www.atomcomics.net\/blog\/wp-content\/uploads\/supersons.jpg?fit=1200%2C675&ssl=1&resize=1050%2C600 3x"},"classes":[]},{"id":5918,"url":"https:\/\/www.atomcomics.net\/blog\/2013\/08\/05\/podcast-7-altamente-ilogico-entrevista-a-pedro-angosto-cap-2\/","url_meta":{"origin":9860,"position":4},"title":"Podcast #7. Altamente Il\u00f3gico: Entrevista a Pedro Angosto Cap.2","author":"ATOM COMICS","date":"5, agosto, 2013","format":false,"excerpt":"Antes de irnos de vacaciones un regalo (o no); la segunda parte de la entrevista a Pedro Angosto: \u00bfOs quedasteis con ganas de m\u00e1s? Pues est\u00e1is de suerte.","rel":"","context":"En \u00abPodcast\u00bb","block_context":{"text":"Podcast","link":"https:\/\/www.atomcomics.net\/blog\/category\/pod\/"},"img":{"alt_text":"bama_man_of_bronze_cover1a","src":"https:\/\/i0.wp.com\/www.atomcomics.net\/wp-content\/uploads\/bama_man_of_bronze_cover1a.jpg?resize=350%2C200","width":350,"height":200},"classes":[]},{"id":10916,"url":"https:\/\/www.atomcomics.net\/blog\/2018\/05\/09\/altamente-ilogico-30-feminostias-y-happy-de-regalo\/","url_meta":{"origin":9860,"position":5},"title":"Altamente Il\u00f3gico 30. FEMINOSTIAS. Y Happy de regalo","author":"ATOM COMICS","date":"9, mayo, 2018","format":false,"excerpt":"Especial Feminostias. Mujeres y chicas que pegan Ana Rodr\u00edguez, Javi Suxinsu y Dani el librero repasan c\u00f3mics protagonizados por personajes de fuerte car\u00e1cter y buenos pu\u00f1etazos. Batwoman, Batgirl, Miss Marvel, Kitty Pride, Hulka, Lazarus... personajes que no tienen miedo a meterse en una pelea. Adem\u00e1s, una peque\u00f1a rese\u00f1a de Happy\u2026","rel":"","context":"En \u00abLecturas recomendadas\u00bb","block_context":{"text":"Lecturas recomendadas","link":"https:\/\/www.atomcomics.net\/blog\/category\/aca\/"},"img":{"alt_text":"","src":"https:\/\/i0.wp.com\/www.atomcomics.net\/blog\/wp-content\/uploads\/GalleryChar_1920x1080_3_Batwoman0-0pg18-clr_57bf79cb6c6597.03957821.jpg?fit=1200%2C675&ssl=1&resize=350%2C200","width":350,"height":200,"srcset":"https:\/\/i0.wp.com\/www.atomcomics.net\/blog\/wp-content\/uploads\/GalleryChar_1920x1080_3_Batwoman0-0pg18-clr_57bf79cb6c6597.03957821.jpg?fit=1200%2C675&ssl=1&resize=350%2C200 1x, https:\/\/i0.wp.com\/www.atomcomics.net\/blog\/wp-content\/uploads\/GalleryChar_1920x1080_3_Batwoman0-0pg18-clr_57bf79cb6c6597.03957821.jpg?fit=1200%2C675&ssl=1&resize=525%2C300 1.5x, https:\/\/i0.wp.com\/www.atomcomics.net\/blog\/wp-content\/uploads\/GalleryChar_1920x1080_3_Batwoman0-0pg18-clr_57bf79cb6c6597.03957821.jpg?fit=1200%2C675&ssl=1&resize=700%2C400 2x, https:\/\/i0.wp.com\/www.atomcomics.net\/blog\/wp-content\/uploads\/GalleryChar_1920x1080_3_Batwoman0-0pg18-clr_57bf79cb6c6597.03957821.jpg?fit=1200%2C675&ssl=1&resize=1050%2C600 3x"},"classes":[]}],"jetpack_sharing_enabled":true,"_links":{"self":[{"href":"https:\/\/www.atomcomics.net\/blog\/wp-json\/wp\/v2\/posts\/9860","targetHints":{"allow":["GET"]}}],"collection":[{"href":"https:\/\/www.atomcomics.net\/blog\/wp-json\/wp\/v2\/posts"}],"about":[{"href":"https:\/\/www.atomcomics.net\/blog\/wp-json\/wp\/v2\/types\/post"}],"author":[{"embeddable":true,"href":"https:\/\/www.atomcomics.net\/blog\/wp-json\/wp\/v2\/users\/1"}],"replies":[{"embeddable":true,"href":"https:\/\/www.atomcomics.net\/blog\/wp-json\/wp\/v2\/comments?post=9860"}],"version-history":[{"count":1,"href":"https:\/\/www.atomcomics.net\/blog\/wp-json\/wp\/v2\/posts\/9860\/revisions"}],"predecessor-version":[{"id":9861,"href":"https:\/\/www.atomcomics.net\/blog\/wp-json\/wp\/v2\/posts\/9860\/revisions\/9861"}],"wp:featuredmedia":[{"embeddable":true,"href":"https:\/\/www.atomcomics.net\/blog\/wp-json\/wp\/v2\/media\/9953"}],"wp:attachment":[{"href":"https:\/\/www.atomcomics.net\/blog\/wp-json\/wp\/v2\/media?parent=9860"}],"wp:term":[{"taxonomy":"category","embeddable":true,"href":"https:\/\/www.atomcomics.net\/blog\/wp-json\/wp\/v2\/categories?post=9860"},{"taxonomy":"post_tag","embeddable":true,"href":"https:\/\/www.atomcomics.net\/blog\/wp-json\/wp\/v2\/tags?post=9860"}],"curies":[{"name":"wp","href":"https:\/\/api.w.org\/{rel}","templated":true}]}}