{"id":9862,"date":"2017-07-27T12:04:03","date_gmt":"2017-07-27T11:04:03","guid":{"rendered":"http:\/\/www.atomcomics.net\/?p=9862"},"modified":"2017-08-18T19:16:13","modified_gmt":"2017-08-18T18:16:13","slug":"esenciales-acdcomic-primer-semestre-2017","status":"publish","type":"post","link":"https:\/\/www.atomcomics.net\/blog\/2017\/07\/27\/esenciales-acdcomic-primer-semestre-2017\/","title":{"rendered":"Esenciales ACDC\u00f3mic primer semestre 2017"},"content":{"rendered":"<p><span class=\"m_7181786547680995575m_2501359858408588699gmail-m_2485476554206827047m_4677659421686048547m_2440997734278390033m_-2496803119893969901m_-1128488127224962480m_-1689821155703537170gmail-m_-618865932273074623gmail-im\"><span style=\"font-size: large;\">La Asociaci\u00f3n de Cr\u00edticos y Divulgadores de C\u00f3mic elige los \u00a0\u201cesenciales\u201d del primer semestre de 2017<\/span><\/span><\/p>\n<p><b>La selecci\u00f3n de ACDC\u00f3mic para los primeros meses del a\u00f1o centra su mirada en grandes t\u00edtulos de autores europeos y espa\u00f1oles.<\/b><\/p>\n<div>\n<p><span class=\"m_7181786547680995575m_2501359858408588699gmail-m_2485476554206827047m_4677659421686048547m_2440997734278390033m_-2496803119893969901m_-1128488127224962480m_-1689821155703537170gmail-m_-618865932273074623gmail-im\"><b>Con esta selecci\u00f3n la asociaci\u00f3n quiere proporcionar una \u2018gu\u00eda de lectura\u2019 que sirva tanto para lectores como para bibliotecas, libreros y otros colectivos culturales.<\/b><\/span><\/p>\n<p>La Asociaci\u00f3n de Cr\u00edticos y Divulgadores de C\u00f3mic de Espa\u00f1a (ACDC\u00f3mic) presenta la primera ronda de sus \u2018Esenciales 2017\u2019, una selecci\u00f3n de c\u00f3mics con la que esta organizaci\u00f3n pretende fijar la atenci\u00f3n sobre algunas de las obras m\u00e1s destacadas de entre las editadas en nuestro mercado. Est\u00e1 formada por 25 novedades publicadas entre enero y junio de 2017, elegidas en votaci\u00f3n por 53 de los integrantes de la ACDC\u00f3mic.<span class=\"m_7181786547680995575m_2501359858408588699gmail-m_2485476554206827047m_4677659421686048547m_2440997734278390033m_-2496803119893969901m_-1128488127224962480m_-1689821155703537170gmail-m_-618865932273074623gmail-im\"><img data-recalc-dims=\"1\" loading=\"lazy\" decoding=\"async\" data-attachment-id=\"9863\" data-permalink=\"https:\/\/www.atomcomics.net\/blog\/2017\/07\/27\/esenciales-acdcomic-primer-semestre-2017\/dfu6akrxuaaf36q\/\" data-orig-file=\"https:\/\/i0.wp.com\/www.atomcomics.net\/blog\/wp-content\/uploads\/DFu6AKrXUAAF36Q.jpg?fit=825%2C1200&amp;ssl=1\" data-orig-size=\"825,1200\" data-comments-opened=\"0\" data-image-meta=\"{&quot;aperture&quot;:&quot;0&quot;,&quot;credit&quot;:&quot;&quot;,&quot;camera&quot;:&quot;&quot;,&quot;caption&quot;:&quot;&quot;,&quot;created_timestamp&quot;:&quot;0&quot;,&quot;copyright&quot;:&quot;&quot;,&quot;focal_length&quot;:&quot;0&quot;,&quot;iso&quot;:&quot;0&quot;,&quot;shutter_speed&quot;:&quot;0&quot;,&quot;title&quot;:&quot;&quot;,&quot;orientation&quot;:&quot;0&quot;}\" data-image-title=\"DFu6AKrXUAAF36Q\" data-image-description=\"\" data-image-caption=\"\" data-medium-file=\"https:\/\/i0.wp.com\/www.atomcomics.net\/blog\/wp-content\/uploads\/DFu6AKrXUAAF36Q.jpg?fit=744%2C1082&amp;ssl=1\" data-large-file=\"https:\/\/i0.wp.com\/www.atomcomics.net\/blog\/wp-content\/uploads\/DFu6AKrXUAAF36Q.jpg?fit=825%2C1200&amp;ssl=1\" class=\"alignnone size-medium wp-image-9863\" src=\"https:\/\/i0.wp.com\/www.atomcomics.net\/wp-content\/uploads\/DFu6AKrXUAAF36Q-744x1082.jpg?resize=744%2C1082\" alt=\"\" width=\"744\" height=\"1082\" srcset=\"https:\/\/i0.wp.com\/www.atomcomics.net\/blog\/wp-content\/uploads\/DFu6AKrXUAAF36Q.jpg?resize=744%2C1082&amp;ssl=1 744w, https:\/\/i0.wp.com\/www.atomcomics.net\/blog\/wp-content\/uploads\/DFu6AKrXUAAF36Q.jpg?resize=420%2C611&amp;ssl=1 420w, https:\/\/i0.wp.com\/www.atomcomics.net\/blog\/wp-content\/uploads\/DFu6AKrXUAAF36Q.jpg?resize=768%2C1117&amp;ssl=1 768w, https:\/\/i0.wp.com\/www.atomcomics.net\/blog\/wp-content\/uploads\/DFu6AKrXUAAF36Q.jpg?w=825&amp;ssl=1 825w\" sizes=\"auto, (max-width: 744px) 100vw, 744px\" \/><\/span><\/p>\n<div><span class=\"m_7181786547680995575m_2501359858408588699gmail-m_2485476554206827047m_4677659421686048547m_2440997734278390033m_-2496803119893969901m_-1128488127224962480m_-1689821155703537170gmail-m_-618865932273074623gmail-m_2366690342153097342gmail-im\">La selecci\u00f3n contiene una variada muestra de lo que ha ofrecido el mercado del c\u00f3mic en nuestro pa\u00eds en lo que va de a\u00f1o. As\u00ed, hay cl\u00e1sicos como \u2019Anarcoma\u2019, de Nazario, o &#8216;Siete vidas&#8217;, de Josep Maria Be\u00e0, ambos recientemente recuperados en nuevas ediciones; obras de autores espa\u00f1oles, como \u2018Un mill\u00f3n de a\u00f1os\u2019, de David S\u00e1nchez, \u2018Cosmonauta\u2019, de Pep Brocal, o la nueva entrega de &#8216;Roco Vargas&#8217; del veterano Daniel Torres; tambi\u00e9n se incluyen apuestas de vanguardia, como \u2018Cort\u00e1zar\u2019, de Marchamalo y Torices, o &#8216;Nuevas estructuras&#8217;, de Bego\u00f1a Garc\u00eda-Al\u00e9n (Apa-Apa) .\u00a0<\/span><\/div>\n<div>En c\u00f3mic internacional, el listado tiene muestras\u00a0lo que nos ha llegado de Europa, Estados Unidos y Asia. Del viejo continente destacan t\u00edtulos como\u00a0&#8216;Ars\u00e8ne Schrauwen&#8217;, de Olivier Schrauwen, &#8216;De tripas y coraz\u00f3n&#8217;, de Pozla, o la serie &#8216;Last Man&#8217;. De entre los llegados el otro lado del Atl\u00e1ntico, hay muestras de Latino Am\u00e9rica, como &#8216;Poncho fue&#8217;, de Sole Otero, y de Estados Unidos, como &#8216;The Wicked + The Divine&#8217;, de Kieron Gillen, Jamie McKelvie y Matt Wilson. En cuanto a c\u00f3mic asi\u00e1tico, destaca la inclusi\u00f3n por primera vez de un t\u00edtulo original de la Rep\u00fablica de Singapur, &#8216;El arte de Charlie Chan Hock Chye&#8217;, de Sonny Liew.<\/div>\n<\/div>\n<div>Esta selecci\u00f3n se presenta como una herramienta para animar a lectores, bibliotecas, libreros y otro tipo de colectivos culturales a descubrir obras destacadas.\u00a0 Se adjunta documento con las portadas de los t\u00edtulos y unos breves apuntes sobre cada obra elegida, que la sit\u00faan y contextualizan r\u00e1pidamente.<\/div>\n<div><\/div>\n<div>\n<p><a href=\"http:\/\/acdcomic.es\/descargas\/esenciales-acdcomic-2017-1er-semestre.pdf\"><strong>Los \u2018Esenciales\u2019 para el primer semestre de 2017 son:<\/strong><\/a><\/p>\n<ul>\n<li><strong>Anarcoma: Obra gr\u00e1fica completa, de Nazario (La C\u00fapula).\u00a0<\/strong><\/li>\n<li><strong>Ars\u00e8ne Schrauwen 3, de Olivier Schrauwen (Fulgencio Pimentel)<\/strong><\/li>\n<li><strong>Carlitos Fax, de Albert Monteys (\u00a1Caramba!)<\/strong><\/li>\n<li><strong>Cort\u00e1zar, de Marchamalo y Torices (N\u00f3rdica)<\/strong><\/li>\n<li><strong>Cosmonauta, de Pep Brocal (Astiberri)<\/strong><\/li>\n<li><strong>De tripas y coraz\u00f3n, de Pozla (Dibbuks)<\/strong><\/li>\n<li><strong>Disparen al humorista, de Dar\u00edo Adanti (Astiberri)<\/strong><\/li>\n<li><strong>El arte de Charlie Chan Hock Chye, de Sonny Liew (Dibbuks \/ Amok)<\/strong><\/li>\n<li><strong>El informe de Brodeck, de Manu Larcenet (Norma)<\/strong><\/li>\n<li><strong>El perd\u00f3n y la furia, de Altarriba y Keko (Museo del Prado)<\/strong><\/li>\n<li><strong>Ether, de Matt Kindt y David Rub\u00edn (Astiberri)<\/strong><\/li>\n<li><strong>La balada del norte 2, de Alfonso Zapico (Astiberri)<\/strong><\/li>\n<li><strong>La levedad, de Catherine Meurisse (Impedimenta)<\/strong><\/li>\n<li><strong>La mujer de al lado, de Yoshiharu Tsuge (Gallo Nero)<\/strong><\/li>\n<li><strong>Las torres de Bois-Mauri integral, de Hermann (Planeta)<\/strong><strong>\u00a0<\/strong><\/li>\n<li><strong>Last Man, de Balak, Sanlaville y Viv\u00e8s (Di\u00e1bolo)<\/strong><\/li>\n<li><strong>Los cuadernos de Esther, de Riad Sattouf (Sapristi)<\/strong><\/li>\n<li><strong>Nuevas estructuras, de Bego\u00f1a Garc\u00eda-Al\u00e9n (Apa-Apa)<\/strong><\/li>\n<li><strong>Oscuridades programadas, de Sarah Glidden (Salamandra)<\/strong><\/li>\n<li><strong>Pinturas de Guerra, de \u00c1ngel de la Calle (Reino de Cordelia)<\/strong><\/li>\n<li><strong>Poncho fue, de Sole Otero (La C\u00fapula)<\/strong><\/li>\n<li><strong>Roco Vargas: J\u00fapiter, de Daniel Torres (Norma)<\/strong><\/li>\n<li><strong>Siete vidas, de Josep Maria Be\u00e0 (Astiberri)<\/strong><\/li>\n<li><strong>The Wicked + The Divine, de Kieron Gillen, Jamie McKelvie y Matt Wilson (Norma)<\/strong><\/li>\n<li><strong>Un mill\u00f3n de a\u00f1os, de David S\u00e1nchez (Astiberri)<\/strong><\/li>\n<\/ul>\n<\/div>\n<div>\n<p><em>ACDC\u00f3mic es una asociaci\u00f3n sin \u00e1nimo de lucro que agrupa a personas que realizan trabajos de periodismo, cr\u00edtica, estudio, comisariado y otras actividades te\u00f3ricas y divulgativas relacionadas con el c\u00f3mic. La asociaci\u00f3n se constituy\u00f3 en 2012 con la voluntad de colaborar en la difusi\u00f3n del trabajo que ya desarrollan sus miembros de forma individual, emprender iniciativas conjuntas que no se podr\u00edan afrontar de forma separada y servir de interlocutor ante otros colectivos o instituciones.<\/em><\/p>\n<\/div>\n","protected":false},"excerpt":{"rendered":"<p>La Asociaci\u00f3n de Cr\u00edticos y Divulgadores de C\u00f3mic elige los \u00a0\u201cesenciales\u201d del primer semestre de 2017 La selecci\u00f3n de ACDC\u00f3mic para los primeros meses del a\u00f1o centra su mirada en grandes t\u00edtulos de autores europeos&hellip; <a class=\"read-more-link\" href=\"https:\/\/www.atomcomics.net\/blog\/2017\/07\/27\/esenciales-acdcomic-primer-semestre-2017\/\">(seguir leyendo)<\/a><\/p>\n","protected":false},"author":1,"featured_media":9863,"comment_status":"closed","ping_status":"open","sticky":false,"template":"","format":"standard","meta":{"jetpack_post_was_ever_published":false,"_jetpack_newsletter_access":"","_jetpack_dont_email_post_to_subs":false,"_jetpack_newsletter_tier_id":0,"_jetpack_memberships_contains_paywalled_content":false,"_jetpack_memberships_contains_paid_content":false,"footnotes":"","jetpack_publicize_message":"","jetpack_publicize_feature_enabled":true,"jetpack_social_post_already_shared":true,"jetpack_social_options":{"image_generator_settings":{"template":"highway","default_image_id":0,"font":"","enabled":false},"version":2}},"categories":[6],"tags":[],"class_list":["post-9862","post","type-post","status-publish","format-standard","has-post-thumbnail","hentry","category-noticias"],"jetpack_publicize_connections":[],"jetpack_featured_media_url":"https:\/\/i0.wp.com\/www.atomcomics.net\/blog\/wp-content\/uploads\/DFu6AKrXUAAF36Q.jpg?fit=825%2C1200&ssl=1","jetpack_shortlink":"https:\/\/wp.me\/p53Ua-2z4","jetpack-related-posts":[{"id":11648,"url":"https:\/\/www.atomcomics.net\/blog\/2019\/02\/25\/esenciales-acdcomic-segundo-semestre-2018\/","url_meta":{"origin":9862,"position":0},"title":"Esenciales ACDC\u00f3mic segundo semestre 2018","author":"ATOM COMICS","date":"25, febrero, 2019","format":false,"excerpt":"La Asociaci\u00f3n de Cr\u00edticos y Divulgadores de C\u00f3mic de Espa\u00f1a (ACDC\u00f3mic) presenta la primera selecci\u00f3n de Esenciales de 2018, con la que esta asociaci\u00f3n pretende fijar la atenci\u00f3n sobre algunas obras destacadas publicadas en Espa\u00f1a entre enero y junio de 2018. La selecci\u00f3n est\u00e1 formada por treinta novedades y cinco\u2026","rel":"","context":"En \u00abLecturas recomendadas\u00bb","block_context":{"text":"Lecturas recomendadas","link":"https:\/\/www.atomcomics.net\/blog\/category\/aca\/"},"img":{"alt_text":"","src":"https:\/\/i0.wp.com\/www.atomcomics.net\/blog\/wp-content\/uploads\/esenciales-acdcomic-2018-2o-semestre-A3-para-web.jpg?resize=350%2C200&ssl=1","width":350,"height":200,"srcset":"https:\/\/i0.wp.com\/www.atomcomics.net\/blog\/wp-content\/uploads\/esenciales-acdcomic-2018-2o-semestre-A3-para-web.jpg?resize=350%2C200&ssl=1 1x, https:\/\/i0.wp.com\/www.atomcomics.net\/blog\/wp-content\/uploads\/esenciales-acdcomic-2018-2o-semestre-A3-para-web.jpg?resize=525%2C300&ssl=1 1.5x, https:\/\/i0.wp.com\/www.atomcomics.net\/blog\/wp-content\/uploads\/esenciales-acdcomic-2018-2o-semestre-A3-para-web.jpg?resize=700%2C400&ssl=1 2x"},"classes":[]},{"id":10717,"url":"https:\/\/www.atomcomics.net\/blog\/2018\/02\/28\/esenciales-acdcomic-segundo-semestre-de-2017\/","url_meta":{"origin":9862,"position":1},"title":"Esenciales ACDC\u00f3mic segundo semestre de 2017","author":"ATOM COMICS","date":"28, febrero, 2018","format":false,"excerpt":"Ya tenemos el listado de los esenciales de ACDC\u00f3mic del segundo semestre de 2017. En la selecci\u00f3n de ACDC\u00f3mic para los \u00faltimos meses del a\u00f1o destaca la coincidencia de obras de j\u00f3venes autoras junto con\u00a0grandes cl\u00e1sicos recuperados. Con esta selecci\u00f3n la asociaci\u00f3n quiere proporcionar una \u2018gu\u00eda de lectura\u2019 que sirva\u2026","rel":"","context":"En \u00abLecturas recomendadas\u00bb","block_context":{"text":"Lecturas recomendadas","link":"https:\/\/www.atomcomics.net\/blog\/category\/aca\/"},"img":{"alt_text":"","src":"https:\/\/i0.wp.com\/www.atomcomics.net\/wp-content\/uploads\/DXIrkRaXkAAYQ54-744x1099.jpg?resize=350%2C200","width":350,"height":200,"srcset":"https:\/\/i0.wp.com\/www.atomcomics.net\/wp-content\/uploads\/DXIrkRaXkAAYQ54-744x1099.jpg?resize=350%2C200 1x, https:\/\/i0.wp.com\/www.atomcomics.net\/wp-content\/uploads\/DXIrkRaXkAAYQ54-744x1099.jpg?resize=525%2C300 1.5x, https:\/\/i0.wp.com\/www.atomcomics.net\/wp-content\/uploads\/DXIrkRaXkAAYQ54-744x1099.jpg?resize=700%2C400 2x"},"classes":[]},{"id":9289,"url":"https:\/\/www.atomcomics.net\/blog\/2016\/11\/07\/9289\/","url_meta":{"origin":9862,"position":2},"title":"Podcast: QU\u00c9 ES LA ACDC\u00f3mic: Situaci\u00f3n de la cr\u00edtica de c\u00f3mic en Espa\u00f1a","author":"ATOM COMICS","date":"7, noviembre, 2016","format":false,"excerpt":"Audio de la mesa redonda donde se abord\u00f3 la situaci\u00f3n de la cr\u00edtica de c\u00f3mic en Espa\u00f1a. Para ello se cont\u00f3 con una nutrida representaci\u00f3n de cr\u00edticos y divulgadores, todos ellos pertenecientes a la ACDC\u00f3mic, la Asociaci\u00f3n de Cr\u00edticos y Divulgadores de C\u00f3mic de Espa\u00f1a. Mireia P\u00e9rez: Estudi\u00f3 Bellas Artes\u2026","rel":"","context":"En \u00abPodcast\u00bb","block_context":{"text":"Podcast","link":"https:\/\/www.atomcomics.net\/blog\/category\/pod\/"},"img":{"alt_text":"logo-lateral-parte-1","src":"https:\/\/i0.wp.com\/www.atomcomics.net\/wp-content\/uploads\/logo-lateral-parte-1.png?resize=350%2C200","width":350,"height":200},"classes":[]},{"id":9159,"url":"https:\/\/www.atomcomics.net\/blog\/2016\/09\/21\/acdc-y-la-critica-del-comic-en-espana-jueves-6-de-octubre\/","url_meta":{"origin":9862,"position":3},"title":"ACDC\u00f3mic y la cr\u00edtica del c\u00f3mic en Espa\u00f1a &#8211; Jueves 6 de Octubre","author":"ATOM COMICS","date":"21, septiembre, 2016","format":false,"excerpt":"Nuevo evento at\u00f3mico, nueva mesa redonda que podr\u00eda girar sobre la cuesti\u00f3n:\u00a0Cr\u00edtico y divulgador de c\u00f3mic, \u00bfnace o se hace? Sin embargo, no creo que lleguemos a resolver tal inquietante duda\u00a0pero seguro que abordaremos otros temas a\u00fan importantes. Queremos conocer el estado de\u00a0la cr\u00edtica y la divulgaci\u00f3n de c\u00f3mic en\u2026","rel":"","context":"Entrada similar","block_context":{"text":"Entrada similar","link":""},"img":{"alt_text":"logo-lateral-parte-1","src":"https:\/\/i0.wp.com\/www.atomcomics.net\/wp-content\/uploads\/logo-lateral-parte-1.png?resize=350%2C200","width":350,"height":200},"classes":[]},{"id":12112,"url":"https:\/\/www.atomcomics.net\/blog\/2019\/09\/12\/panini-salamanda-dolmen\/","url_meta":{"origin":9862,"position":4},"title":"Panini, Salamanda, Dolmen&#8230;","author":"ATOM COMICS","date":"12, septiembre, 2019","format":false,"excerpt":"SALAMANDRA Los testamentos \u00abQueridos lectores y lectoras: vuestras preguntas sobre Gilead y su funcionamiento interno han sido la fuente de inspiraci\u00f3n de este libro. \u00a1Bueno, casi todo! La otra es el mundo en el que vivimos.\u00bb Margaret Atwood 21,00 \u20ac SATORI VISIONES DEL MAL EN JAP\u00d3N Espectros, demonios, \"yokai\"... Una\u2026","rel":"","context":"En \u00abNovedades\u00bb","block_context":{"text":"Novedades","link":"https:\/\/www.atomcomics.net\/blog\/category\/novedades\/"},"img":{"alt_text":"","src":"https:\/\/i0.wp.com\/www.atomcomics.net\/blog\/wp-content\/uploads\/los-testamentos.jpg?fit=800%2C800&ssl=1&resize=350%2C200","width":350,"height":200,"srcset":"https:\/\/i0.wp.com\/www.atomcomics.net\/blog\/wp-content\/uploads\/los-testamentos.jpg?fit=800%2C800&ssl=1&resize=350%2C200 1x, https:\/\/i0.wp.com\/www.atomcomics.net\/blog\/wp-content\/uploads\/los-testamentos.jpg?fit=800%2C800&ssl=1&resize=525%2C300 1.5x, https:\/\/i0.wp.com\/www.atomcomics.net\/blog\/wp-content\/uploads\/los-testamentos.jpg?fit=800%2C800&ssl=1&resize=700%2C400 2x"},"classes":[]},{"id":9614,"url":"https:\/\/www.atomcomics.net\/blog\/2017\/04\/10\/novedad-esenciales-iron-shoes-e-infantil\/","url_meta":{"origin":9862,"position":5},"title":"Novedad: Esenciales, Iron Shoes e infantil","author":"ATOM COMICS","date":"10, abril, 2017","format":false,"excerpt":"TITIRIS La hora de comer Un libro para jugar para los m\u00e1s peque\u00f1os. Con im\u00e1genes reales y ventanas. \u00a1Hay sorpresas en cada p\u00e1gina!\u00a08,95 \u20ac La hora de jugar Un libro para jugar para los m\u00e1s peque\u00f1os. Con im\u00e1genes reales y ventanas. \u00a1Hay sorpresas en cada p\u00e1gina!\u00a08,95 \u20ac Busca y encuentra\u2026","rel":"","context":"En \u00abNovedades\u00bb","block_context":{"text":"Novedades","link":"https:\/\/www.atomcomics.net\/blog\/category\/novedades\/"},"img":{"alt_text":"La hora de comer","src":"https:\/\/i0.wp.com\/www.comicalia.com\/26771-home_default\/la-hora-de-comer.jpg?resize=350%2C200&ssl=1","width":350,"height":200},"classes":[]}],"jetpack_sharing_enabled":true,"_links":{"self":[{"href":"https:\/\/www.atomcomics.net\/blog\/wp-json\/wp\/v2\/posts\/9862","targetHints":{"allow":["GET"]}}],"collection":[{"href":"https:\/\/www.atomcomics.net\/blog\/wp-json\/wp\/v2\/posts"}],"about":[{"href":"https:\/\/www.atomcomics.net\/blog\/wp-json\/wp\/v2\/types\/post"}],"author":[{"embeddable":true,"href":"https:\/\/www.atomcomics.net\/blog\/wp-json\/wp\/v2\/users\/1"}],"replies":[{"embeddable":true,"href":"https:\/\/www.atomcomics.net\/blog\/wp-json\/wp\/v2\/comments?post=9862"}],"version-history":[{"count":5,"href":"https:\/\/www.atomcomics.net\/blog\/wp-json\/wp\/v2\/posts\/9862\/revisions"}],"predecessor-version":[{"id":9868,"href":"https:\/\/www.atomcomics.net\/blog\/wp-json\/wp\/v2\/posts\/9862\/revisions\/9868"}],"wp:featuredmedia":[{"embeddable":true,"href":"https:\/\/www.atomcomics.net\/blog\/wp-json\/wp\/v2\/media\/9863"}],"wp:attachment":[{"href":"https:\/\/www.atomcomics.net\/blog\/wp-json\/wp\/v2\/media?parent=9862"}],"wp:term":[{"taxonomy":"category","embeddable":true,"href":"https:\/\/www.atomcomics.net\/blog\/wp-json\/wp\/v2\/categories?post=9862"},{"taxonomy":"post_tag","embeddable":true,"href":"https:\/\/www.atomcomics.net\/blog\/wp-json\/wp\/v2\/tags?post=9862"}],"curies":[{"name":"wp","href":"https:\/\/api.w.org\/{rel}","templated":true}]}}