{"id":9874,"date":"2017-08-01T10:13:02","date_gmt":"2017-08-01T09:13:02","guid":{"rendered":"http:\/\/www.atomcomics.net\/?p=9874"},"modified":"2017-08-18T18:26:41","modified_gmt":"2017-08-18T17:26:41","slug":"novedad-ecc-calentito","status":"publish","type":"post","link":"https:\/\/www.atomcomics.net\/blog\/2017\/08\/01\/novedad-ecc-calentito\/","title":{"rendered":"Novedad: ECC Calentito"},"content":{"rendered":"<div class=\"left-block col-xs-4 col-sm-5 col-md-4\">\n<h4>ECC<\/h4>\n<div class=\"product-image-container\"><a class=\"product_img_link\" title=\"DIRK GENTLY: AGENCIA DE INVESTIGACIONES HOL\u00cdSTICAS - UNA GRAN NOVELA GR\u00c1FICA HOL\u00cdSTICA\" href=\"https:\/\/www.comicalia.com\/fantasia-otros-mundos\/27789-dirk-gently-agencia-de-investigaciones-holisticas-una-gran-novela-grafica-holistica-9788417147969.html\"><img data-recalc-dims=\"1\" loading=\"lazy\" decoding=\"async\" class=\"replace-2x img-responsive\" title=\"DIRK GENTLY: AGENCIA DE INVESTIGACIONES HOL\u00cdSTICAS - UNA GRAN NOVELA GR\u00c1FICA HOL\u00cdSTICA\" src=\"https:\/\/i0.wp.com\/www.comicalia.com\/28333-home_default\/dirk-gently-agencia-de-investigaciones-holisticas-una-gran-novela-grafica-holistica.jpg?resize=250%2C250&#038;ssl=1\" alt=\"DIRK GENTLY: AGENCIA DE INVESTIGACIONES HOL\u00cdSTICAS - UNA GRAN NOVELA GR\u00c1FICA HOL\u00cdSTICA\" width=\"250\" height=\"250\" \/><\/a><\/div>\n<div class=\"product-image-container\"><a class=\"product-name\" style=\"font-size: 18px; font-weight: bold;\" title=\"DIRK GENTLY: AGENCIA DE INVESTIGACIONES HOL\u00cdSTICAS - UNA GRAN NOVELA GR\u00c1FICA HOL\u00cdSTICA\" href=\"https:\/\/www.comicalia.com\/fantasia-otros-mundos\/27789-dirk-gently-agencia-de-investigaciones-holisticas-una-gran-novela-grafica-holistica-9788417147969.html\">DIRK GENTLY: AGENCIA DE INVESTIGACIONES&#8230;<\/a><\/div>\n<\/div>\n<div class=\"center-block col-xs-4 col-sm-7 col-md-4\"><\/div>\n<div class=\"right-block col-xs-4 col-sm-12 col-md-4\">\n<div class=\"right-block-content row\">\n<div class=\"content_price col-xs-5 col-md-12\"><span class=\"price product-price\">21,00 \u20ac<\/span><\/div>\n<\/div>\n<\/div>\n<p><a class=\"product_img_link\" title=\"INJUSTICE: ZONA CERO N\u00daM. 04 (DE 6)\" href=\"https:\/\/www.comicalia.com\/superheroes-dc\/27788-injustice-zona-cero-num-04-de-6-9788417147945.html\"><img data-recalc-dims=\"1\" loading=\"lazy\" decoding=\"async\" class=\"replace-2x img-responsive\" title=\"INJUSTICE: ZONA CERO N\u00daM. 04 (DE 6)\" src=\"https:\/\/i0.wp.com\/www.comicalia.com\/28346-home_default\/injustice-zona-cero-num-04-de-6.jpg?resize=250%2C250&#038;ssl=1\" alt=\"INJUSTICE: ZONA CERO N\u00daM. 04 (DE 6)\" width=\"250\" height=\"250\" \/><\/a><\/p>\n<p><a class=\"product-name\" style=\"font-size: 18px; font-weight: bold;\" title=\"INJUSTICE: ZONA CERO N\u00daM. 04 (DE 6)\" href=\"https:\/\/www.comicalia.com\/superheroes-dc\/27788-injustice-zona-cero-num-04-de-6-9788417147945.html\">INJUSTICE: ZONA CERO N\u00daM. 04 (DE 6)<\/a> 3,25 \u20ac<\/p>\n<div class=\"product-container\">\n<div class=\"row\">\n<div class=\"left-block col-xs-4 col-sm-5 col-md-4\">\n<div class=\"product-image-container\"><a class=\"product_img_link\" title=\"KEN PARKER N\u00daM. 01: LARGO FUSIL\/MINE TOWN \" href=\"https:\/\/www.comicalia.com\/bd-aventura\/27787-ken-parker-num-01-largo-fusil-mine-town-9788417176198.html\"><img data-recalc-dims=\"1\" loading=\"lazy\" decoding=\"async\" class=\"replace-2x img-responsive\" title=\"KEN PARKER N\u00daM. 01: LARGO FUSIL\/MINE TOWN \" src=\"https:\/\/i0.wp.com\/www.comicalia.com\/28345-home_default\/ken-parker-num-01-largo-fusil-mine-town.jpg?resize=250%2C250&#038;ssl=1\" alt=\"KEN PARKER N\u00daM. 01: LARGO FUSIL\/MINE TOWN \" width=\"250\" height=\"250\" \/><\/a><\/div>\n<div class=\"product-image-container\"><a class=\"product-name\" style=\"font-size: 18px; font-weight: bold;\" title=\"KEN PARKER N\u00daM. 01: LARGO FUSIL\/MINE TOWN \" href=\"https:\/\/www.comicalia.com\/bd-aventura\/27787-ken-parker-num-01-largo-fusil-mine-town-9788417176198.html\">KEN PARKER N\u00daM. 01: LARGO FUSIL\/MINE TOWN<\/a><\/div>\n<\/div>\n<div class=\"center-block col-xs-4 col-sm-7 col-md-4\"><\/div>\n<div class=\"right-block col-xs-4 col-sm-12 col-md-4\">\n<div class=\"right-block-content row\">\n<div class=\"content_price col-xs-5 col-md-12\"><span class=\"price product-price\">9,95 \u20ac<\/span><\/div>\n<\/div>\n<\/div>\n<\/div>\n<\/div>\n<p><a class=\"product_img_link\" title=\"INJUSTICE: A\u00d1O DOS (INTEGRAL) \" href=\"https:\/\/www.comicalia.com\/superheroes-dc\/27786-injustice-ano-dos-integral-9788417147952.html\"><img data-recalc-dims=\"1\" loading=\"lazy\" decoding=\"async\" class=\"replace-2x img-responsive\" title=\"INJUSTICE: A\u00d1O DOS (INTEGRAL) \" src=\"https:\/\/i0.wp.com\/www.comicalia.com\/28332-home_default\/injustice-ano-dos-integral.jpg?resize=250%2C250&#038;ssl=1\" alt=\"INJUSTICE: A\u00d1O DOS (INTEGRAL) \" width=\"250\" height=\"250\" \/><\/a><\/p>\n<p><a class=\"product-name\" style=\"font-size: 18px; font-weight: bold;\" title=\"INJUSTICE: A\u00d1O DOS (INTEGRAL) \" href=\"https:\/\/www.comicalia.com\/superheroes-dc\/27786-injustice-ano-dos-integral-9788417147952.html\">INJUSTICE: A\u00d1O DOS (INTEGRAL)<\/a> 30,50 \u20ac<\/p>\n<div class=\"product-container\"><\/div>\n<div class=\"product-container\">\n<div class=\"row\">\n<div class=\"left-block col-xs-4 col-sm-5 col-md-4\">\n<div class=\"product-image-container\"><a class=\"product_img_link\" title=\"LA CRUZADA DE LOS INOCENTES N\u00daM. 03 (DE 3)\" href=\"https:\/\/www.comicalia.com\/manga-seinen\/27785-la-cruzada-de-los-inocentes-num-03-de-3-9788417147990.html\"><img data-recalc-dims=\"1\" loading=\"lazy\" decoding=\"async\" class=\"replace-2x img-responsive\" title=\"LA CRUZADA DE LOS INOCENTES N\u00daM. 03 (DE 3)\" src=\"https:\/\/i0.wp.com\/www.comicalia.com\/28331-home_default\/la-cruzada-de-los-inocentes-num-03-de-3.jpg?resize=250%2C250&#038;ssl=1\" alt=\"LA CRUZADA DE LOS INOCENTES N\u00daM. 03 (DE 3)\" width=\"250\" height=\"250\" \/><\/a><\/div>\n<div class=\"product-image-container\"><a class=\"product-name\" style=\"font-size: 18px; font-weight: bold;\" title=\"LA CRUZADA DE LOS INOCENTES N\u00daM. 03 (DE 3)\" href=\"https:\/\/www.comicalia.com\/manga-seinen\/27785-la-cruzada-de-los-inocentes-num-03-de-3-9788417147990.html\">LA CRUZADA DE LOS INOCENTES N\u00daM. 03 (DE 3)<\/a><\/div>\n<\/div>\n<div class=\"center-block col-xs-4 col-sm-7 col-md-4\"><\/div>\n<div class=\"right-block col-xs-4 col-sm-12 col-md-4\">\n<div class=\"right-block-content row\">\n<div class=\"content_price col-xs-5 col-md-12\"><span class=\"price product-price\">12,95 \u20ac<\/span><\/div>\n<\/div>\n<\/div>\n<\/div>\n<\/div>\n<p><a class=\"product_img_link\" title=\"UTOP\u00cdAS \" href=\"https:\/\/www.comicalia.com\/manga-seinen\/27784-utopias-9788417176013.html\"><img data-recalc-dims=\"1\" loading=\"lazy\" decoding=\"async\" class=\"replace-2x img-responsive\" title=\"UTOP\u00cdAS \" src=\"https:\/\/i0.wp.com\/www.comicalia.com\/28330-home_default\/utopias.jpg?resize=250%2C250&#038;ssl=1\" alt=\"UTOP\u00cdAS \" width=\"250\" height=\"250\" \/><\/a><\/p>\n<p><a class=\"product-name\" style=\"font-size: 18px; font-weight: bold;\" title=\"UTOP\u00cdAS \" href=\"https:\/\/www.comicalia.com\/manga-seinen\/27784-utopias-9788417176013.html\">UTOP\u00cdAS<\/a> 9,95 \u20ac<\/p>\n<div class=\"product-container\"><\/div>\n<div class=\"product-container\">\n<div class=\"row\">\n<div class=\"left-block col-xs-4 col-sm-5 col-md-4\">\n<div class=\"product-image-container\"><a class=\"product_img_link\" title=\"JSA: LA EDAD DE ORO \" href=\"https:\/\/www.comicalia.com\/superheroes-dc\/27783-jsa-la-edad-de-oro-9788417176105.html\"><img data-recalc-dims=\"1\" loading=\"lazy\" decoding=\"async\" class=\"replace-2x img-responsive\" title=\"JSA: LA EDAD DE ORO \" src=\"https:\/\/i0.wp.com\/www.comicalia.com\/28327-home_default\/jsa-la-edad-de-oro.jpg?resize=250%2C250&#038;ssl=1\" alt=\"JSA: LA EDAD DE ORO \" width=\"250\" height=\"250\" \/><\/a><\/div>\n<div class=\"product-image-container\"><a class=\"product-name\" style=\"font-size: 18px; font-weight: bold;\" title=\"JSA: LA EDAD DE ORO \" href=\"https:\/\/www.comicalia.com\/superheroes-dc\/27783-jsa-la-edad-de-oro-9788417176105.html\">JSA: LA EDAD DE ORO<\/a><\/div>\n<\/div>\n<div class=\"center-block col-xs-4 col-sm-7 col-md-4\"><\/div>\n<div class=\"right-block col-xs-4 col-sm-12 col-md-4\">\n<div class=\"right-block-content row\">\n<div class=\"content_price col-xs-5 col-md-12\"><span class=\"price product-price\">18,95 \u20ac<\/span><\/div>\n<\/div>\n<\/div>\n<\/div>\n<\/div>\n<div class=\"product-container\">\n<div class=\"row\">\n<div class=\"left-block col-xs-4 col-sm-5 col-md-4\">\n<div class=\"product-image-container\"><a class=\"product_img_link\" title=\"LIGA DE LA JUSTICIA (REEDICI\u00d3N CUATRIMESTRAL) N\u00daM. 11\" href=\"https:\/\/www.comicalia.com\/superheroes-dc\/27782-liga-de-la-justicia-reedicion-cuatrimestral-num-11-9788417147853.html\"><img data-recalc-dims=\"1\" loading=\"lazy\" decoding=\"async\" class=\"replace-2x img-responsive\" title=\"LIGA DE LA JUSTICIA (REEDICI\u00d3N CUATRIMESTRAL) N\u00daM. 11\" src=\"https:\/\/i0.wp.com\/www.comicalia.com\/28326-home_default\/liga-de-la-justicia-reedicion-cuatrimestral-num-11.jpg?resize=250%2C250&#038;ssl=1\" alt=\"LIGA DE LA JUSTICIA (REEDICI\u00d3N CUATRIMESTRAL) N\u00daM. 11\" width=\"250\" height=\"250\" \/><\/a><\/div>\n<div class=\"product-image-container\"><a class=\"product-name\" style=\"font-size: 18px; font-weight: bold;\" title=\"LIGA DE LA JUSTICIA (REEDICI\u00d3N CUATRIMESTRAL) N\u00daM. 11\" href=\"https:\/\/www.comicalia.com\/superheroes-dc\/27782-liga-de-la-justicia-reedicion-cuatrimestral-num-11-9788417147853.html\">LIGA DE LA JUSTICIA (REEDICI\u00d3N&#8230;<\/a><\/div>\n<\/div>\n<div class=\"center-block col-xs-4 col-sm-7 col-md-4\"><\/div>\n<div class=\"right-block col-xs-4 col-sm-12 col-md-4\">\n<div class=\"right-block-content row\">\n<div class=\"content_price col-xs-5 col-md-12\"><span class=\"price product-price\">15,95 \u20ac<\/span><\/div>\n<\/div>\n<\/div>\n<\/div>\n<\/div>\n<p><a class=\"product_img_link\" title=\"GRANDES AUTORES DE LA LIGA DE LA JUSTICIA: KURT BUSIEK Y RON GARNEY - REGLAS SINDICALES \" href=\"https:\/\/www.comicalia.com\/superheroes-dc\/27781-grandes-autores-de-la-liga-de-la-justicia-kurt-busiek-y-ron-garney-reglas-sindicales-9788417147891.html\"><img data-recalc-dims=\"1\" loading=\"lazy\" decoding=\"async\" class=\"replace-2x img-responsive\" title=\"GRANDES AUTORES DE LA LIGA DE LA JUSTICIA: KURT BUSIEK Y RON GARNEY - REGLAS SINDICALES \" src=\"https:\/\/i0.wp.com\/www.comicalia.com\/28325-home_default\/grandes-autores-de-la-liga-de-la-justicia-kurt-busiek-y-ron-garney-reglas-sindicales.jpg?resize=250%2C250&#038;ssl=1\" alt=\"GRANDES AUTORES DE LA LIGA DE LA JUSTICIA: KURT BUSIEK Y RON GARNEY - REGLAS SINDICALES \" width=\"250\" height=\"250\" \/><\/a><\/p>\n<p><a class=\"product-name\" style=\"font-size: 18px; font-weight: bold;\" title=\"GRANDES AUTORES DE LA LIGA DE LA JUSTICIA: KURT BUSIEK Y RON GARNEY - REGLAS SINDICALES \" href=\"https:\/\/www.comicalia.com\/superheroes-dc\/27781-grandes-autores-de-la-liga-de-la-justicia-kurt-busiek-y-ron-garney-reglas-sindicales-9788417147891.html\">GRANDES AUTORES DE LA LIGA DE LA JUSTICIA:&#8230;<\/a> 22,00 \u20ac<\/p>\n<div class=\"product-container\"><\/div>\n<div class=\"product-container\">\n<div class=\"row\">\n<div class=\"left-block col-xs-4 col-sm-5 col-md-4\">\n<div class=\"product-image-container\"><a class=\"product_img_link\" title=\"SUPERHIJOS N\u00daM. 01 (RENACIMIENTO)\" href=\"https:\/\/www.comicalia.com\/superheroes-dc\/27780-superhijos-num-01-renacimiento-9788417147839.html\"><img data-recalc-dims=\"1\" loading=\"lazy\" decoding=\"async\" class=\"replace-2x img-responsive\" title=\"SUPERHIJOS N\u00daM. 01 (RENACIMIENTO)\" src=\"https:\/\/i0.wp.com\/www.comicalia.com\/28324-home_default\/superhijos-num-01-renacimiento.jpg?resize=250%2C250&#038;ssl=1\" alt=\"SUPERHIJOS N\u00daM. 01 (RENACIMIENTO)\" width=\"250\" height=\"250\" \/><\/a><\/div>\n<div class=\"product-image-container\"><a class=\"product-name\" style=\"font-size: 18px; font-weight: bold;\" title=\"SUPERHIJOS N\u00daM. 01 (RENACIMIENTO)\" href=\"https:\/\/www.comicalia.com\/superheroes-dc\/27780-superhijos-num-01-renacimiento-9788417147839.html\">SUPERHIJOS N\u00daM. 01 (RENACIMIENTO)<\/a><\/div>\n<\/div>\n<div class=\"center-block col-xs-4 col-sm-7 col-md-4\"><\/div>\n<div class=\"right-block col-xs-4 col-sm-12 col-md-4\">\n<div class=\"right-block-content row\">\n<div class=\"content_price col-xs-5 col-md-12\"><span class=\"price product-price\">1,00 \u20ac<\/span><\/div>\n<\/div>\n<\/div>\n<\/div>\n<\/div>\n<p><a class=\"product_img_link\" title=\"GREEN LANTERNS N\u00daM. 02 (RENACIMIENTO)\" href=\"https:\/\/www.comicalia.com\/superheroes-dc\/27779-green-lanterns-num-02-renacimiento-9788417147846.html\"><img data-recalc-dims=\"1\" loading=\"lazy\" decoding=\"async\" class=\"replace-2x img-responsive\" title=\"GREEN LANTERNS N\u00daM. 02 (RENACIMIENTO)\" src=\"https:\/\/i0.wp.com\/www.comicalia.com\/28322-home_default\/green-lanterns-num-02-renacimiento.jpg?resize=250%2C250&#038;ssl=1\" alt=\"GREEN LANTERNS N\u00daM. 02 (RENACIMIENTO)\" width=\"250\" height=\"250\" \/><\/a><\/p>\n<p><a class=\"product-name\" style=\"font-size: 18px; font-weight: bold;\" title=\"GREEN LANTERNS N\u00daM. 02 (RENACIMIENTO)\" href=\"https:\/\/www.comicalia.com\/superheroes-dc\/27779-green-lanterns-num-02-renacimiento-9788417147846.html\">GREEN LANTERNS N\u00daM. 02 (RENACIMIENTO)<\/a> 17,50 \u20ac<\/p>\n<div class=\"product-container\"><\/div>\n<div class=\"product-container\">\n<div class=\"row\">\n<div class=\"left-block col-xs-4 col-sm-5 col-md-4\">\n<div class=\"product-image-container\"><a class=\"product_img_link\" title=\"COLECCI\u00d3N NOVELAS GR\u00c1FICAS N\u00daM. 36: BATMAN: DETECTIVE PARTE 2 \" href=\"https:\/\/www.comicalia.com\/superheroes-dc\/27778-coleccion-novelas-graficas-num-36-batman-detective-parte-2-9788416796229.html\"><img data-recalc-dims=\"1\" loading=\"lazy\" decoding=\"async\" class=\"replace-2x img-responsive\" title=\"COLECCI\u00d3N NOVELAS GR\u00c1FICAS N\u00daM. 36: BATMAN: DETECTIVE PARTE 2 \" src=\"https:\/\/i0.wp.com\/www.comicalia.com\/28328-home_default\/coleccion-novelas-graficas-num-36-batman-detective-parte-2.jpg?resize=250%2C250&#038;ssl=1\" alt=\"COLECCI\u00d3N NOVELAS GR\u00c1FICAS N\u00daM. 36: BATMAN: DETECTIVE PARTE 2 \" width=\"250\" height=\"250\" \/><\/a><\/div>\n<div class=\"product-image-container\"><a class=\"product-name\" style=\"font-size: 18px; font-weight: bold;\" title=\"COLECCI\u00d3N NOVELAS GR\u00c1FICAS N\u00daM. 36: BATMAN: DETECTIVE PARTE 2 \" href=\"https:\/\/www.comicalia.com\/superheroes-dc\/27778-coleccion-novelas-graficas-num-36-batman-detective-parte-2-9788416796229.html\">COLECCI\u00d3N NOVELAS GR\u00c1FICAS N\u00daM. 36:&#8230;<\/a><\/div>\n<\/div>\n<div class=\"center-block col-xs-4 col-sm-7 col-md-4\"><\/div>\n<div class=\"right-block col-xs-4 col-sm-12 col-md-4\">\n<div class=\"right-block-content row\">\n<div class=\"content_price col-xs-5 col-md-12\"><span class=\"price product-price\">12,99 \u20ac<\/span><\/div>\n<\/div>\n<\/div>\n<\/div>\n<\/div>\n<p><a class=\"product_img_link\" title=\"WONDER WOMAN: COLECCIONABLE SEMANAL N\u00daM. 10\" href=\"https:\/\/www.comicalia.com\/superheroes-dc\/27777-wonder-woman-coleccionable-semanal-num-10-9788417147624.html\"><img data-recalc-dims=\"1\" loading=\"lazy\" decoding=\"async\" class=\"replace-2x img-responsive\" title=\"WONDER WOMAN: COLECCIONABLE SEMANAL N\u00daM. 10\" src=\"https:\/\/i0.wp.com\/www.comicalia.com\/28321-home_default\/wonder-woman-coleccionable-semanal-num-10.jpg?resize=250%2C250&#038;ssl=1\" alt=\"WONDER WOMAN: COLECCIONABLE SEMANAL N\u00daM. 10\" width=\"250\" height=\"250\" \/><\/a><\/p>\n<p><a class=\"product-name\" style=\"font-size: 18px; font-weight: bold;\" title=\"WONDER WOMAN: COLECCIONABLE SEMANAL N\u00daM. 10\" href=\"https:\/\/www.comicalia.com\/superheroes-dc\/27777-wonder-woman-coleccionable-semanal-num-10-9788417147624.html\">WONDER WOMAN: COLECCIONABLE SEMANAL N\u00daM. 10<\/a> 7,95 \u20ac<\/p>\n<div class=\"product-container\"><\/div>\n<div class=\"product-container\">\n<div class=\"row\">\n<div class=\"left-block col-xs-4 col-sm-5 col-md-4\">\n<div class=\"product-image-container\"><a class=\"product_img_link\" title=\"\u00a1SCOOBY-DOO! Y SUS AMIGOS N\u00daM. 06 \" href=\"https:\/\/www.comicalia.com\/superheroes-dc\/27776-scooby-doo-y-sus-amigos-num-06-9788417176259.html\"><img data-recalc-dims=\"1\" loading=\"lazy\" decoding=\"async\" class=\"replace-2x img-responsive\" title=\"\u00a1SCOOBY-DOO! Y SUS AMIGOS N\u00daM. 06 \" src=\"https:\/\/i0.wp.com\/www.comicalia.com\/28320-home_default\/scooby-doo-y-sus-amigos-num-06.jpg?resize=250%2C250&#038;ssl=1\" alt=\"\u00a1SCOOBY-DOO! Y SUS AMIGOS N\u00daM. 06 \" width=\"250\" height=\"250\" \/><\/a><\/div>\n<div class=\"product-image-container\"><a class=\"product-name\" style=\"font-size: 18px; font-weight: bold;\" title=\"\u00a1SCOOBY-DOO! Y SUS AMIGOS N\u00daM. 06 \" href=\"https:\/\/www.comicalia.com\/superheroes-dc\/27776-scooby-doo-y-sus-amigos-num-06-9788417176259.html\">\u00a1SCOOBY-DOO! Y SUS AMIGOS N\u00daM. 06<\/a><\/div>\n<\/div>\n<div class=\"center-block col-xs-4 col-sm-7 col-md-4\"><\/div>\n<div class=\"right-block col-xs-4 col-sm-12 col-md-4\">\n<div class=\"right-block-content row\">\n<div class=\"content_price col-xs-5 col-md-12\"><span class=\"price product-price\">1,95 \u20ac<\/span><\/div>\n<\/div>\n<\/div>\n<\/div>\n<\/div>\n<p><a class=\"product_img_link\" title=\"INJUSTICE: GODS AMONG US N\u00daM. 51\" href=\"https:\/\/www.comicalia.com\/superheroes-dc\/27775-injustice-gods-among-us-num-51-9788417147938.html\"><img data-recalc-dims=\"1\" loading=\"lazy\" decoding=\"async\" class=\"replace-2x img-responsive\" title=\"INJUSTICE: GODS AMONG US N\u00daM. 51\" src=\"https:\/\/i0.wp.com\/www.comicalia.com\/28319-home_default\/injustice-gods-among-us-num-51.jpg?resize=250%2C250&#038;ssl=1\" alt=\"INJUSTICE: GODS AMONG US N\u00daM. 51\" width=\"250\" height=\"250\" \/><\/a><\/p>\n<p><a class=\"product-name\" style=\"font-size: 18px; font-weight: bold;\" title=\"INJUSTICE: GODS AMONG US N\u00daM. 51\" href=\"https:\/\/www.comicalia.com\/superheroes-dc\/27775-injustice-gods-among-us-num-51-9788417147938.html\">INJUSTICE: GODS AMONG US N\u00daM. 51<\/a> 3,25 \u20ac<\/p>\n<div class=\"product-container\"><\/div>\n<div class=\"product-container\">\n<div class=\"row\">\n<div class=\"left-block col-xs-4 col-sm-5 col-md-4\">\n<div class=\"product-image-container\"><a class=\"product_img_link\" title=\"\u00a1SUPERPODERES! N\u00daM. 02 (DE 6)\" href=\"https:\/\/www.comicalia.com\/superheroes-dc\/27774-superpoderes-num-02-de-6-9788417176273.html\"><img data-recalc-dims=\"1\" loading=\"lazy\" decoding=\"async\" class=\"replace-2x img-responsive\" title=\"\u00a1SUPERPODERES! N\u00daM. 02 (DE 6)\" src=\"https:\/\/i0.wp.com\/www.comicalia.com\/28318-home_default\/superpoderes-num-02-de-6.jpg?resize=250%2C250&#038;ssl=1\" alt=\"\u00a1SUPERPODERES! N\u00daM. 02 (DE 6)\" width=\"250\" height=\"250\" \/><\/a><\/div>\n<div class=\"product-image-container\"><a class=\"product-name\" style=\"font-size: 18px; font-weight: bold;\" title=\"\u00a1SUPERPODERES! N\u00daM. 02 (DE 6)\" href=\"https:\/\/www.comicalia.com\/superheroes-dc\/27774-superpoderes-num-02-de-6-9788417176273.html\">\u00a1SUPERPODERES! N\u00daM. 02 (DE 6)<\/a><\/div>\n<\/div>\n<div class=\"center-block col-xs-4 col-sm-7 col-md-4\"><\/div>\n<div class=\"right-block col-xs-4 col-sm-12 col-md-4\">\n<div class=\"right-block-content row\">\n<div class=\"content_price col-xs-5 col-md-12\"><span class=\"price product-price\">1,95 \u20ac<\/span><\/div>\n<\/div>\n<\/div>\n<\/div>\n<\/div>\n<p><a class=\"product_img_link\" title=\"NUEVO ESCUADR\u00d3N SUICIDA: FUERZA X\" href=\"https:\/\/www.comicalia.com\/superheroes-dc\/27773-nuevo-escuadron-suicida-fuerza-x-9788417176129.html\"><img data-recalc-dims=\"1\" loading=\"lazy\" decoding=\"async\" class=\"replace-2x img-responsive\" title=\"NUEVO ESCUADR\u00d3N SUICIDA: FUERZA X\" src=\"https:\/\/i0.wp.com\/www.comicalia.com\/28317-home_default\/nuevo-escuadron-suicida-fuerza-x.jpg?resize=250%2C250&#038;ssl=1\" alt=\"NUEVO ESCUADR\u00d3N SUICIDA: FUERZA X\" width=\"250\" height=\"250\" \/><\/a><\/p>\n<p><a class=\"product-name\" style=\"font-size: 18px; font-weight: bold;\" title=\"NUEVO ESCUADR\u00d3N SUICIDA: FUERZA X\" href=\"https:\/\/www.comicalia.com\/superheroes-dc\/27773-nuevo-escuadron-suicida-fuerza-x-9788417176129.html\">NUEVO ESCUADR\u00d3N SUICIDA: FUERZA X<\/a> 19,50 \u20ac<\/p>\n<div class=\"product-container\"><\/div>\n<div class=\"product-container\">\n<div class=\"row\">\n<div class=\"left-block col-xs-4 col-sm-5 col-md-4\">\n<div class=\"product-image-container\"><a class=\"product_img_link\" title=\"TEEN TITANS GO! N\u00daM. 05\" href=\"https:\/\/www.comicalia.com\/superheroes-dc\/27772-teen-titans-go-num-05-9788417176266.html\"><img data-recalc-dims=\"1\" loading=\"lazy\" decoding=\"async\" class=\"replace-2x img-responsive\" title=\"TEEN TITANS GO! N\u00daM. 05\" src=\"https:\/\/i0.wp.com\/www.comicalia.com\/28316-home_default\/teen-titans-go-num-05.jpg?resize=250%2C250&#038;ssl=1\" alt=\"TEEN TITANS GO! N\u00daM. 05\" width=\"250\" height=\"250\" \/><\/a><\/div>\n<div class=\"product-image-container\"><a class=\"product-name\" style=\"font-size: 18px; font-weight: bold;\" title=\"TEEN TITANS GO! N\u00daM. 05\" href=\"https:\/\/www.comicalia.com\/superheroes-dc\/27772-teen-titans-go-num-05-9788417176266.html\">TEEN TITANS GO! N\u00daM. 05<\/a><\/div>\n<\/div>\n<div class=\"center-block col-xs-4 col-sm-7 col-md-4\"><\/div>\n<div class=\"right-block col-xs-4 col-sm-12 col-md-4\">\n<div class=\"right-block-content row\">\n<div class=\"content_price col-xs-5 col-md-12\"><span class=\"price product-price\">1,95 \u20ac<\/span><\/div>\n<\/div>\n<\/div>\n<\/div>\n<\/div>\n<div class=\"product-container\">\n<div class=\"row\">\n<div class=\"left-block col-xs-4 col-sm-5 col-md-4\">\n<div class=\"product-image-container\"><a class=\"product_img_link\" title=\"\u00a1MALDITO ALLENDE! \" href=\"https:\/\/www.comicalia.com\/bd-nueva-ola\/27769-maldito-allende-9788417176174.html\"><img data-recalc-dims=\"1\" loading=\"lazy\" decoding=\"async\" class=\"replace-2x img-responsive\" title=\"\u00a1MALDITO ALLENDE! \" src=\"https:\/\/i0.wp.com\/www.comicalia.com\/28313-home_default\/maldito-allende.jpg?resize=250%2C250&#038;ssl=1\" alt=\"\u00a1MALDITO ALLENDE! \" width=\"250\" height=\"250\" \/><\/a><\/div>\n<div class=\"product-image-container\"><a class=\"product-name\" style=\"font-size: 18px; font-weight: bold;\" title=\"\u00a1MALDITO ALLENDE! \" href=\"https:\/\/www.comicalia.com\/bd-nueva-ola\/27769-maldito-allende-9788417176174.html\">\u00a1MALDITO ALLENDE!<\/a><\/div>\n<\/div>\n<div class=\"center-block col-xs-4 col-sm-7 col-md-4\"><\/div>\n<div class=\"right-block col-xs-4 col-sm-12 col-md-4\">\n<div class=\"right-block-content row\">\n<div class=\"content_price col-xs-5 col-md-12\"><span class=\"price product-price\">19,95 \u20ac<\/span><\/div>\n<\/div>\n<\/div>\n<\/div>\n<\/div>\n<p><a class=\"product_img_link\" title=\"JUNJI ITO: RELATOS TERROR\u00cdFICOS N\u00daM. 13 \" href=\"https:\/\/www.comicalia.com\/manga-seinen\/27768-junji-ito-relatos-terrorificos-num-13-9788417176211.html\"><img data-recalc-dims=\"1\" loading=\"lazy\" decoding=\"async\" class=\"replace-2x img-responsive\" title=\"JUNJI ITO: RELATOS TERROR\u00cdFICOS N\u00daM. 13 \" src=\"https:\/\/i0.wp.com\/www.comicalia.com\/28311-home_default\/junji-ito-relatos-terrorificos-num-13.jpg?resize=250%2C250&#038;ssl=1\" alt=\"JUNJI ITO: RELATOS TERROR\u00cdFICOS N\u00daM. 13 \" width=\"250\" height=\"250\" \/><\/a><\/p>\n<p><a class=\"product-name\" style=\"font-size: 18px; font-weight: bold;\" title=\"JUNJI ITO: RELATOS TERROR\u00cdFICOS N\u00daM. 13 \" href=\"https:\/\/www.comicalia.com\/manga-seinen\/27768-junji-ito-relatos-terrorificos-num-13-9788417176211.html\">JUNJI ITO: RELATOS TERROR\u00cdFICOS N\u00daM. 13<\/a> 5,95 \u20ac<\/p>\n<div class=\"product-container\"><\/div>\n<div class=\"product-container\">\n<div class=\"row\">\n<div class=\"left-block col-xs-4 col-sm-5 col-md-4\">\n<div class=\"product-image-container\"><a class=\"product_img_link\" title=\"GRANDES AUTORES DE WONDER WOMAN: PHIL JIM\u00c9NEZ - LA BRUJA Y LA GUERRERA\" href=\"https:\/\/www.comicalia.com\/superheroes-dc\/27767-grandes-autores-de-wonder-woman-phil-jimenez-la-bruja-y-la-guerrera-9788417147747.html\"><img data-recalc-dims=\"1\" loading=\"lazy\" decoding=\"async\" class=\"replace-2x img-responsive\" title=\"GRANDES AUTORES DE WONDER WOMAN: PHIL JIM\u00c9NEZ - LA BRUJA Y LA GUERRERA\" src=\"https:\/\/i0.wp.com\/www.comicalia.com\/28312-home_default\/grandes-autores-de-wonder-woman-phil-jimenez-la-bruja-y-la-guerrera.jpg?resize=250%2C250&#038;ssl=1\" alt=\"GRANDES AUTORES DE WONDER WOMAN: PHIL JIM\u00c9NEZ - LA BRUJA Y LA GUERRERA\" width=\"250\" height=\"250\" \/><\/a><\/div>\n<div class=\"product-image-container\"><a class=\"product-name\" style=\"font-size: 18px; font-weight: bold;\" title=\"GRANDES AUTORES DE WONDER WOMAN: PHIL JIM\u00c9NEZ - LA BRUJA Y LA GUERRERA\" href=\"https:\/\/www.comicalia.com\/superheroes-dc\/27767-grandes-autores-de-wonder-woman-phil-jimenez-la-bruja-y-la-guerrera-9788417147747.html\">GRANDES AUTORES DE WONDER WOMAN: PHIL&#8230;<\/a><\/div>\n<\/div>\n<div class=\"center-block col-xs-4 col-sm-7 col-md-4\"><\/div>\n<div class=\"right-block col-xs-4 col-sm-12 col-md-4\">\n<div class=\"right-block-content row\">\n<div class=\"content_price col-xs-5 col-md-12\"><span class=\"price product-price\">27,00 \u20ac<\/span><\/div>\n<\/div>\n<\/div>\n<\/div>\n<\/div>\n<p><a class=\"product_img_link\" title=\"HINIIRU N\u00daM. 05 \" href=\"https:\/\/www.comicalia.com\/shonen\/27766-hiniiru-num-05-9788417176235.html\"><img data-recalc-dims=\"1\" loading=\"lazy\" decoding=\"async\" class=\"replace-2x img-responsive\" title=\"HINIIRU N\u00daM. 05 \" src=\"https:\/\/i0.wp.com\/www.comicalia.com\/28310-home_default\/hiniiru-num-05.jpg?resize=250%2C250&#038;ssl=1\" alt=\"HINIIRU N\u00daM. 05 \" width=\"250\" height=\"250\" \/><\/a><\/p>\n<p><a class=\"product-name\" style=\"font-size: 18px; font-weight: bold;\" title=\"HINIIRU N\u00daM. 05 \" href=\"https:\/\/www.comicalia.com\/shonen\/27766-hiniiru-num-05-9788417176235.html\">HINIIRU N\u00daM. 05<\/a> \u00a1\u00daltimo n\u00famero! 6,95 \u20ac<\/p>\n<div class=\"product-container\"><\/div>\n<div class=\"product-container\">\n<div class=\"row\">\n<div class=\"left-block col-xs-4 col-sm-5 col-md-4\">\n<div class=\"product-image-container\"><a class=\"product_img_link\" title=\"GRANDES AUTORES DE SUPERMAN: DENNIS O'NEIL Y CURT SWAN - KRYPTONITA NUNCA M\u00c1S\" href=\"https:\/\/www.comicalia.com\/superheroes-dc\/27765-grandes-autores-de-superman-dennis-o-neil-y-curt-swan-kryptonita-nunca-mas-9788417147723.html\"><img data-recalc-dims=\"1\" loading=\"lazy\" decoding=\"async\" class=\"replace-2x img-responsive\" title=\"GRANDES AUTORES DE SUPERMAN: DENNIS O'NEIL Y CURT SWAN - KRYPTONITA NUNCA M\u00c1S\" src=\"https:\/\/i0.wp.com\/www.comicalia.com\/28309-home_default\/grandes-autores-de-superman-dennis-o-neil-y-curt-swan-kryptonita-nunca-mas.jpg?resize=250%2C250&#038;ssl=1\" alt=\"GRANDES AUTORES DE SUPERMAN: DENNIS O'NEIL Y CURT SWAN - KRYPTONITA NUNCA M\u00c1S\" width=\"250\" height=\"250\" \/><\/a><\/div>\n<div class=\"product-image-container\"><a class=\"product-name\" style=\"font-size: 18px; font-weight: bold;\" title=\"GRANDES AUTORES DE SUPERMAN: DENNIS O'NEIL Y CURT SWAN - KRYPTONITA NUNCA M\u00c1S\" href=\"https:\/\/www.comicalia.com\/superheroes-dc\/27765-grandes-autores-de-superman-dennis-o-neil-y-curt-swan-kryptonita-nunca-mas-9788417147723.html\">GRANDES AUTORES DE SUPERMAN: DENNIS O&#8217;NEIL&#8230;<\/a><\/div>\n<\/div>\n<div class=\"center-block col-xs-4 col-sm-7 col-md-4\"><\/div>\n<div class=\"right-block col-xs-4 col-sm-12 col-md-4\">\n<div class=\"right-block-content row\">\n<div class=\"content_price col-xs-5 col-md-12\"><span class=\"price product-price\">19,50 \u20ac<\/span><\/div>\n<\/div>\n<\/div>\n<\/div>\n<\/div>\n<p><a class=\"product_img_link\" title=\"TOM STRONG: LIBRO 02 (DE 3)\" href=\"https:\/\/www.comicalia.com\/fantasia-otros-mundos\/27764-tom-strong-libro-02-de-3-9788417176143.html\"><img data-recalc-dims=\"1\" loading=\"lazy\" decoding=\"async\" class=\"replace-2x img-responsive\" title=\"TOM STRONG: LIBRO 02 (DE 3)\" src=\"https:\/\/i0.wp.com\/www.comicalia.com\/28308-home_default\/tom-strong-libro-02-de-3.jpg?resize=250%2C250&#038;ssl=1\" alt=\"TOM STRONG: LIBRO 02 (DE 3)\" width=\"250\" height=\"250\" \/><\/a><\/p>\n<p><a class=\"product-name\" style=\"font-size: 18px; font-weight: bold;\" title=\"TOM STRONG: LIBRO 02 (DE 3)\" href=\"https:\/\/www.comicalia.com\/fantasia-otros-mundos\/27764-tom-strong-libro-02-de-3-9788417176143.html\">TOM STRONG: LIBRO 02 (DE 3)<\/a> 29,50 \u20ac<\/p>\n<div class=\"product-container\"><\/div>\n<div class=\"product-container\">\n<div class=\"row\">\n<div class=\"left-block col-xs-4 col-sm-5 col-md-4\">\n<div class=\"product-image-container\"><a class=\"product_img_link\" title=\"GRANDES AUTORES DE BATMAN: GREG RUCKA - LA MUERTE Y LAS DONCELLAS\" href=\"https:\/\/www.comicalia.com\/superheroes-dc\/27763-grandes-autores-de-batman-greg-rucka-la-muerte-y-las-doncellas-9788417147693.html\"><img data-recalc-dims=\"1\" loading=\"lazy\" decoding=\"async\" class=\"replace-2x img-responsive\" title=\"GRANDES AUTORES DE BATMAN: GREG RUCKA - LA MUERTE Y LAS DONCELLAS\" src=\"https:\/\/i0.wp.com\/www.comicalia.com\/28307-home_default\/grandes-autores-de-batman-greg-rucka-la-muerte-y-las-doncellas.jpg?resize=250%2C250&#038;ssl=1\" alt=\"GRANDES AUTORES DE BATMAN: GREG RUCKA - LA MUERTE Y LAS DONCELLAS\" width=\"250\" height=\"250\" \/><\/a><\/div>\n<div class=\"product-image-container\"><a class=\"product-name\" style=\"font-size: 18px; font-weight: bold;\" title=\"GRANDES AUTORES DE BATMAN: GREG RUCKA - LA MUERTE Y LAS DONCELLAS\" href=\"https:\/\/www.comicalia.com\/superheroes-dc\/27763-grandes-autores-de-batman-greg-rucka-la-muerte-y-las-doncellas-9788417147693.html\">GRANDES AUTORES DE BATMAN: GREG RUCKA &#8211; LA&#8230;<\/a>23,00 \u20ac<\/div>\n<\/div>\n<\/div>\n<\/div>\n<div class=\"product-container\"><\/div>\n<p>&nbsp;<\/p>\n<div class=\"product-container\">\n<div class=\"row\">\n<div class=\"left-block col-xs-4 col-sm-5 col-md-4\">\n<div class=\"product-image-container\"><a class=\"product_img_link\" title=\"GRANDES AUTORES DE BATMAN: NORM BREYFOGLE \u2013 NOCT\u00c1MBULOS\" href=\"https:\/\/www.comicalia.com\/superheroes-dc\/27761-grandes-autores-de-batman-norm-breyfogle-noctambulos-9788417176099.html\"><img data-recalc-dims=\"1\" loading=\"lazy\" decoding=\"async\" class=\"replace-2x img-responsive\" title=\"GRANDES AUTORES DE BATMAN: NORM BREYFOGLE \u2013 NOCT\u00c1MBULOS\" src=\"https:\/\/i0.wp.com\/www.comicalia.com\/28305-home_default\/grandes-autores-de-batman-norm-breyfogle-noctambulos.jpg?resize=250%2C250&#038;ssl=1\" alt=\"GRANDES AUTORES DE BATMAN: NORM BREYFOGLE \u2013 NOCT\u00c1MBULOS\" width=\"250\" height=\"250\" \/><\/a><\/div>\n<div class=\"product-image-container\"><a class=\"product-name\" style=\"font-size: 18px; font-weight: bold;\" title=\"GRANDES AUTORES DE BATMAN: NORM BREYFOGLE \u2013 NOCT\u00c1MBULOS\" href=\"https:\/\/www.comicalia.com\/superheroes-dc\/27761-grandes-autores-de-batman-norm-breyfogle-noctambulos-9788417176099.html\">GRANDES AUTORES DE BATMAN: NORM BREYFOGLE&#8230;<\/a>33,50 \u20ac<\/div>\n<\/div>\n<\/div>\n<\/div>\n<div class=\"product-container\">\n<div class=\"row\">\n<div class=\"left-block col-xs-4 col-sm-5 col-md-4\">\n<div class=\"product-image-container\"><a class=\"product_img_link\" title=\"CABALLERO OSCURO III: LA RAZA SUPERIOR N\u00daM. 08 (CARTON\u00c9)\" href=\"https:\/\/www.comicalia.com\/superheroes-dc\/27759-caballero-oscuro-iii-la-raza-superior-num-08-cartone-9788417147679.html\"><img data-recalc-dims=\"1\" loading=\"lazy\" decoding=\"async\" class=\"replace-2x img-responsive\" title=\"CABALLERO OSCURO III: LA RAZA SUPERIOR N\u00daM. 08 (CARTON\u00c9)\" src=\"https:\/\/i0.wp.com\/www.comicalia.com\/28303-home_default\/caballero-oscuro-iii-la-raza-superior-num-08-cartone.jpg?resize=250%2C250&#038;ssl=1\" alt=\"CABALLERO OSCURO III: LA RAZA SUPERIOR N\u00daM. 08 (CARTON\u00c9)\" width=\"250\" height=\"250\" \/><\/a><\/div>\n<div class=\"product-image-container\"><a class=\"product-name\" style=\"font-size: 18px; font-weight: bold;\" title=\"CABALLERO OSCURO III: LA RAZA SUPERIOR N\u00daM. 08 (CARTON\u00c9)\" href=\"https:\/\/www.comicalia.com\/superheroes-dc\/27759-caballero-oscuro-iii-la-raza-superior-num-08-cartone-9788417147679.html\">CABALLERO OSCURO III: LA RAZA SUPERIOR&#8230;<\/a><\/div>\n<\/div>\n<div class=\"center-block col-xs-4 col-sm-7 col-md-4\">\n<div class=\"color-list-container\">\u00a07,95 \u20ac<\/div>\n<\/div>\n<\/div>\n<\/div>\n<div class=\"product-container\">\n<div class=\"row\">\n<div class=\"left-block col-xs-4 col-sm-5 col-md-4\">\n<div class=\"product-image-container\"><a class=\"product_img_link\" title=\"WARHAMMER 40,000: VOLUNTAD DE HIERRO\" href=\"https:\/\/www.comicalia.com\/fantasia-otros-mundos\/27758-warhammer-40000-voluntad-de-hierro-9788417176150.html\"><img data-recalc-dims=\"1\" loading=\"lazy\" decoding=\"async\" class=\"replace-2x img-responsive\" title=\"WARHAMMER 40,000: VOLUNTAD DE HIERRO\" src=\"https:\/\/i0.wp.com\/www.comicalia.com\/28329-home_default\/warhammer-40000-voluntad-de-hierro.jpg?resize=250%2C250&#038;ssl=1\" alt=\"WARHAMMER 40,000: VOLUNTAD DE HIERRO\" width=\"250\" height=\"250\" \/><\/a><\/div>\n<div class=\"product-image-container\"><a class=\"product-name\" style=\"font-size: 18px; font-weight: bold;\" title=\"WARHAMMER 40,000: VOLUNTAD DE HIERRO\" href=\"https:\/\/www.comicalia.com\/fantasia-otros-mundos\/27758-warhammer-40000-voluntad-de-hierro-9788417176150.html\">WARHAMMER 40,000: VOLUNTAD DE HIERRO<\/a><\/div>\n<\/div>\n<div class=\"center-block col-xs-4 col-sm-7 col-md-4\"><\/div>\n<div class=\"right-block col-xs-4 col-sm-12 col-md-4\">\n<div class=\"right-block-content row\">\n<div class=\"content_price col-xs-5 col-md-12\"><span class=\"price product-price\">13,50 \u20ac<\/span><\/div>\n<\/div>\n<\/div>\n<\/div>\n<\/div>\n<div class=\"product-container\">\n<div class=\"row\">\n<div class=\"left-block col-xs-4 col-sm-5 col-md-4\">\n<div class=\"product-image-container\"><a class=\"product_img_link\" title=\"CABALLERO OSCURO III: LA RAZA SUPERIOR N\u00daM. 08 (GRAPA)\" href=\"https:\/\/www.comicalia.com\/superheroes-dc\/27757-caballero-oscuro-iii-la-raza-superior-num-08-grapa-9788417147662.html\"><img data-recalc-dims=\"1\" loading=\"lazy\" decoding=\"async\" class=\"replace-2x img-responsive\" title=\"CABALLERO OSCURO III: LA RAZA SUPERIOR N\u00daM. 08 (GRAPA)\" src=\"https:\/\/i0.wp.com\/www.comicalia.com\/28302-home_default\/caballero-oscuro-iii-la-raza-superior-num-08-grapa.jpg?resize=250%2C250&#038;ssl=1\" alt=\"CABALLERO OSCURO III: LA RAZA SUPERIOR N\u00daM. 08 (GRAPA)\" width=\"250\" height=\"250\" \/><\/a><\/div>\n<div class=\"product-image-container\"><a class=\"product-name\" style=\"font-size: 18px; font-weight: bold;\" title=\"CABALLERO OSCURO III: LA RAZA SUPERIOR N\u00daM. 08 (GRAPA)\" href=\"https:\/\/www.comicalia.com\/superheroes-dc\/27757-caballero-oscuro-iii-la-raza-superior-num-08-grapa-9788417147662.html\">CABALLERO OSCURO III: LA RAZA SUPERIOR&#8230;<\/a><\/div>\n<\/div>\n<div class=\"center-block col-xs-4 col-sm-7 col-md-4\"><\/div>\n<div class=\"right-block col-xs-4 col-sm-12 col-md-4\">\n<div class=\"right-block-content row\">\n<div class=\"content_price col-xs-5 col-md-12\"><span class=\"price product-price\">3,95 \u20ac<\/span><\/div>\n<div class=\"functional-buttons clearfix col-sm-12\"><\/div>\n<\/div>\n<\/div>\n<\/div>\n<\/div>\n","protected":false},"excerpt":{"rendered":"<p>ECC DIRK GENTLY: AGENCIA DE INVESTIGACIONES&#8230; 21,00 \u20ac INJUSTICE: ZONA CERO N\u00daM. 04 (DE 6) 3,25 \u20ac KEN PARKER N\u00daM. 01: LARGO FUSIL\/MINE TOWN 9,95 \u20ac INJUSTICE: A\u00d1O DOS (INTEGRAL) 30,50 \u20ac LA CRUZADA DE&hellip; <a class=\"read-more-link\" href=\"https:\/\/www.atomcomics.net\/blog\/2017\/08\/01\/novedad-ecc-calentito\/\">(seguir leyendo)<\/a><\/p>\n","protected":false},"author":1,"featured_media":9957,"comment_status":"closed","ping_status":"open","sticky":false,"template":"","format":"standard","meta":{"jetpack_post_was_ever_published":false,"_jetpack_newsletter_access":"","_jetpack_dont_email_post_to_subs":false,"_jetpack_newsletter_tier_id":0,"_jetpack_memberships_contains_paywalled_content":false,"_jetpack_memberships_contains_paid_content":false,"footnotes":"","jetpack_publicize_message":"","jetpack_publicize_feature_enabled":true,"jetpack_social_post_already_shared":true,"jetpack_social_options":{"image_generator_settings":{"template":"highway","default_image_id":0,"font":"","enabled":false},"version":2}},"categories":[3],"tags":[],"class_list":["post-9874","post","type-post","status-publish","format-standard","has-post-thumbnail","hentry","category-novedades"],"jetpack_publicize_connections":[],"jetpack_featured_media_url":"https:\/\/i0.wp.com\/www.atomcomics.net\/blog\/wp-content\/uploads\/cubierta_ken_parker_num1_WEB.jpg?fit=1655%2C2480&ssl=1","jetpack_shortlink":"https:\/\/wp.me\/p53Ua-2zg","jetpack-related-posts":[{"id":3762,"url":"https:\/\/www.atomcomics.net\/blog\/2012\/01\/10\/novedad-estreno-de-ecc-y-valiente\/","url_meta":{"origin":9874,"position":0},"title":"Novedad: Estreno de ECC y Valiente","author":"ATOM COMICS","date":"10, enero, 2012","format":false,"excerpt":"ECC Superman #56 - 3,95\u20ac Batman #57 - 3,50\u20ac PLANETA Pr\u00edncipe Valiente #20 - 7,99\u20ac","rel":"","context":"En \u00abNovedades\u00bb","block_context":{"text":"Novedades","link":"https:\/\/www.atomcomics.net\/blog\/category\/novedades\/"},"img":{"alt_text":"","src":"https:\/\/i0.wp.com\/www.atomcomics.net\/tienda\/images\/ECC\/BATMAN_num57_01g.jpg?resize=350%2C200","width":350,"height":200},"classes":[]},{"id":4393,"url":"https:\/\/www.atomcomics.net\/blog\/2012\/09\/06\/novedad-cosicas-de-panini-y-de-ecc\/","url_meta":{"origin":9874,"position":1},"title":"Novedad: Cosicas de Panini y de ECC","author":"ATOM COMICS","date":"6, septiembre, 2012","format":false,"excerpt":"ECC Batman #5 - 3,50\u20ac Superman #5 - 3,50\u20ac PANINI X-Men Legado #81 - 3,25\u20ac Lobezno #16 - 3,25\u20ac X-Men #18 - 3,25\u20ac Thor #17 - 3,25\u20ac Los Nuevos Vengadores #19 - 3,25\u20ac Capit\u00e1n Am\u00e9rica #20 - 3,25\u20ac","rel":"","context":"En \u00abNovedades\u00bb","block_context":{"text":"Novedades","link":"https:\/\/www.atomcomics.net\/blog\/category\/novedades\/"},"img":{"alt_text":"","src":"https:\/\/i0.wp.com\/www.eccediciones.com\/content\/productos\/166\/BATMAN_NU_num5BR.jpg?resize=350%2C200","width":350,"height":200},"classes":[]},{"id":9592,"url":"https:\/\/www.atomcomics.net\/blog\/2017\/04\/03\/novedad-ecos-de-ecc\/","url_meta":{"origin":9874,"position":2},"title":"Novedad: Ecos de ECC","author":"ATOM COMICS","date":"3, abril, 2017","format":false,"excerpt":"ECC BATMAN Y SUPERMAN - COLECCI\u00d3N NOVELAS... 12,99 \u20ac BATMAN: LAS CALLES DORADAS DE GOTHAM 7,25 \u20ac NIGHTWING N\u00daM. 9\/2 7,25 \u20ac","rel":"","context":"En \u00abNovedades\u00bb","block_context":{"text":"Novedades","link":"https:\/\/www.atomcomics.net\/blog\/category\/novedades\/"},"img":{"alt_text":"BATMAN Y SUPERMAN - COLECCI\u00d3N NOVELAS GR\u00c1FICAS N\u00daMERO 07: ALL-STAR SUPERMAN (PARTE 1)","src":"https:\/\/i0.wp.com\/www.comicalia.com\/26713-home_default\/batman-y-superman-coleccion-novelas-graficas-numero-07-all-star-superman-parte-1.jpg?resize=350%2C200&ssl=1","width":350,"height":200},"classes":[]},{"id":7607,"url":"https:\/\/www.atomcomics.net\/blog\/2015\/01\/07\/novedad-cosas-de-ecc-que-no-nos-llegaron-y-mas\/","url_meta":{"origin":9874,"position":3},"title":"Novedad: Cosas de ECC que no nos llegaron y m\u00e1s","author":"ATOM COMICS","date":"7, enero, 2015","format":false,"excerpt":"DC COLLECTIBLES The Sandman Overture Estatua...139,95 \u20ac ECC LA COSA DEL PANTANO DE ALAN...17,95 \u20ac GILGAMESH II\u00a019,95 \u20ac","rel":"","context":"En \u00abNovedades\u00bb","block_context":{"text":"Novedades","link":"https:\/\/www.atomcomics.net\/blog\/category\/novedades\/"},"img":{"alt_text":"The Sandman Overture Estatua Dream of the Endless 29 cm","src":"https:\/\/i0.wp.com\/www.comicalia.com\/16141-large\/the-sandman-overture-estatua-dream-of-the-endless-29-cm.jpg?resize=350%2C200","width":350,"height":200},"classes":[]},{"id":9996,"url":"https:\/\/www.atomcomics.net\/blog\/2017\/08\/22\/novedad-recuperando-cosas-de-ecc\/","url_meta":{"origin":9874,"position":4},"title":"Novedad: Recuperando cosas de ECC","author":"ATOM COMICS","date":"22, agosto, 2017","format":false,"excerpt":"En Atom Bilbao vamos recuperando novedades aparecidas durante nuestro descanso estival. Tomos de ECC que incluyen un cl\u00e1sico b\u00e1sico en edici\u00f3n Deluxe.","rel":"","context":"En \u00abNovedades\u00bb","block_context":{"text":"Novedades","link":"https:\/\/www.atomcomics.net\/blog\/category\/novedades\/"},"img":{"alt_text":"","src":"https:\/\/i0.wp.com\/www.atomcomics.net\/blog\/wp-content\/uploads\/wonder-woman-el-arte-y-el-proceso-creativo-de-la-pelicula-1-e1503414114432.jpg?fit=800%2C440&ssl=1&resize=350%2C200","width":350,"height":200,"srcset":"https:\/\/i0.wp.com\/www.atomcomics.net\/blog\/wp-content\/uploads\/wonder-woman-el-arte-y-el-proceso-creativo-de-la-pelicula-1-e1503414114432.jpg?fit=800%2C440&ssl=1&resize=350%2C200 1x, https:\/\/i0.wp.com\/www.atomcomics.net\/blog\/wp-content\/uploads\/wonder-woman-el-arte-y-el-proceso-creativo-de-la-pelicula-1-e1503414114432.jpg?fit=800%2C440&ssl=1&resize=525%2C300 1.5x, https:\/\/i0.wp.com\/www.atomcomics.net\/blog\/wp-content\/uploads\/wonder-woman-el-arte-y-el-proceso-creativo-de-la-pelicula-1-e1503414114432.jpg?fit=800%2C440&ssl=1&resize=700%2C400 2x"},"classes":[]},{"id":9584,"url":"https:\/\/www.atomcomics.net\/blog\/2017\/03\/30\/novedad-especial-ecc-salon-barcelona\/","url_meta":{"origin":9874,"position":5},"title":"Novedad: Especial ECC Sal\u00f3n Barcelona","author":"ATOM COMICS","date":"30, marzo, 2017","format":false,"excerpt":"ECC WONDER WOMAN: LA HISTORIA DE SU ORIGEN 4,95 \u20ac SUPERMAN: LA HISTORIA DE SU ORIGEN 4,95 \u20ac BATMAN: LA HISTORIA DE SU ORIGEN 4,95 \u20ac SANDMAN: EDICI\u00d3N DELUXE VOL. 0: OBERTURA -... \u00a1Iniciamos la publicaci\u00f3n de la edici\u00f3n Deluxe de \"Sandman\"!\u00a035,00 \u20ac Sandman: Edici\u00f3n Deluxe vol. 0: Obertura 30,00\u2026","rel":"","context":"En \u00abNovedades\u00bb","block_context":{"text":"Novedades","link":"https:\/\/www.atomcomics.net\/blog\/category\/novedades\/"},"img":{"alt_text":"WONDER WOMAN: LA HISTORIA DE SU ORIGEN","src":"https:\/\/i0.wp.com\/www.comicalia.com\/26564-home_default\/wonder-woman-la-historia-de-su-origen.jpg?resize=350%2C200&ssl=1","width":350,"height":200},"classes":[]}],"jetpack_sharing_enabled":true,"_links":{"self":[{"href":"https:\/\/www.atomcomics.net\/blog\/wp-json\/wp\/v2\/posts\/9874","targetHints":{"allow":["GET"]}}],"collection":[{"href":"https:\/\/www.atomcomics.net\/blog\/wp-json\/wp\/v2\/posts"}],"about":[{"href":"https:\/\/www.atomcomics.net\/blog\/wp-json\/wp\/v2\/types\/post"}],"author":[{"embeddable":true,"href":"https:\/\/www.atomcomics.net\/blog\/wp-json\/wp\/v2\/users\/1"}],"replies":[{"embeddable":true,"href":"https:\/\/www.atomcomics.net\/blog\/wp-json\/wp\/v2\/comments?post=9874"}],"version-history":[{"count":2,"href":"https:\/\/www.atomcomics.net\/blog\/wp-json\/wp\/v2\/posts\/9874\/revisions"}],"predecessor-version":[{"id":9876,"href":"https:\/\/www.atomcomics.net\/blog\/wp-json\/wp\/v2\/posts\/9874\/revisions\/9876"}],"wp:featuredmedia":[{"embeddable":true,"href":"https:\/\/www.atomcomics.net\/blog\/wp-json\/wp\/v2\/media\/9957"}],"wp:attachment":[{"href":"https:\/\/www.atomcomics.net\/blog\/wp-json\/wp\/v2\/media?parent=9874"}],"wp:term":[{"taxonomy":"category","embeddable":true,"href":"https:\/\/www.atomcomics.net\/blog\/wp-json\/wp\/v2\/categories?post=9874"},{"taxonomy":"post_tag","embeddable":true,"href":"https:\/\/www.atomcomics.net\/blog\/wp-json\/wp\/v2\/tags?post=9874"}],"curies":[{"name":"wp","href":"https:\/\/api.w.org\/{rel}","templated":true}]}}