{"id":9882,"date":"2017-08-03T11:55:52","date_gmt":"2017-08-03T10:55:52","guid":{"rendered":"http:\/\/www.atomcomics.net\/?p=9882"},"modified":"2017-08-18T17:59:21","modified_gmt":"2017-08-18T16:59:21","slug":"altamente-ilogico-25-de-la-raza-superior-a-peter-bagge","status":"publish","type":"post","link":"https:\/\/www.atomcomics.net\/blog\/2017\/08\/03\/altamente-ilogico-25-de-la-raza-superior-a-peter-bagge\/","title":{"rendered":"Altamente il\u00f3gico 25. De la raza superior a Peter Bagge"},"content":{"rendered":"<p>Antes de que nos vayamos de vacaciones os dejamos un \u00faltimo cap\u00edtulo del podcast Altamente il\u00f3gico, as\u00ed no nos echareis de menos y quiz\u00e1s nos ech\u00e9is de m\u00e1s.<\/p>\n<p><iframe loading=\"lazy\" id=\"audio_20146829\" style=\"border: 1px solid #EEE; box-sizing: border-box; width: 100%;\" src=\"https:\/\/www.ivoox.com\/player_ej_20146829_4_1.html?c1=ff6600\" width=\"300\" height=\"200\" frameborder=\"0\" scrolling=\"no\" allowfullscreen=\"allowfullscreen\"><\/iframe><\/p>\n<p>Un nuevo paseo por la tienda, en esta ocasi\u00f3n Javi y el librero <a href=\"https:\/\/www.ivoox.com\/20146829\">charlan sobre lecturas recientes<\/a>: Qu\u00e9 les ha gustado, que no, y hasta dan motivos razonados.<\/p>\n<p>Un nuevo cap\u00edtulo de <a href=\"https:\/\/www.ivoox.com\/20146829\">Altamente il\u00f3gico<\/a>. Un podcast sobre c\u00f3mic, lecturas y lo que salga.<\/p>\n<p>La charla\/paseo tuvo lugar el 02 de Agosto de 2017 en Atom C\u00f3mics (C\/Fuencarral 134, Madrid).<\/p>\n","protected":false},"excerpt":{"rendered":"<p>Antes de que nos vayamos de vacaciones os dejamos un \u00faltimo cap\u00edtulo del podcast Altamente il\u00f3gico, as\u00ed no nos echareis de menos y quiz\u00e1s nos ech\u00e9is de m\u00e1s. Un nuevo paseo por la tienda, en&hellip; <a class=\"read-more-link\" href=\"https:\/\/www.atomcomics.net\/blog\/2017\/08\/03\/altamente-ilogico-25-de-la-raza-superior-a-peter-bagge\/\">(seguir leyendo)<\/a><\/p>\n","protected":false},"author":1,"featured_media":9890,"comment_status":"closed","ping_status":"open","sticky":false,"template":"","format":"standard","meta":{"jetpack_post_was_ever_published":false,"_jetpack_newsletter_access":"","_jetpack_dont_email_post_to_subs":false,"_jetpack_newsletter_tier_id":0,"_jetpack_memberships_contains_paywalled_content":false,"_jetpack_memberships_contains_paid_content":false,"footnotes":"","jetpack_publicize_message":"","jetpack_publicize_feature_enabled":true,"jetpack_social_post_already_shared":true,"jetpack_social_options":{"image_generator_settings":{"template":"highway","default_image_id":0,"font":"","enabled":false},"version":2}},"categories":[46],"tags":[],"class_list":["post-9882","post","type-post","status-publish","format-standard","has-post-thumbnail","hentry","category-pod"],"jetpack_publicize_connections":[],"jetpack_featured_media_url":"https:\/\/i0.wp.com\/www.atomcomics.net\/blog\/wp-content\/uploads\/rsz-gallerycomics-1920x1080-20170329-dktmr-cv8-58b8753587dc7390959686-1490831836376_400w.jpg?fit=400%2C226&ssl=1","jetpack_shortlink":"https:\/\/wp.me\/p53Ua-2zo","jetpack-related-posts":[{"id":10053,"url":"https:\/\/www.atomcomics.net\/blog\/2017\/08\/28\/altamente-ilogico-26-autasasinofilia-hulka-bois-maury-y-mas\/","url_meta":{"origin":9882,"position":0},"title":"Altamente il\u00f3gico 26. Autasasinofilia, Hulka, Bois-Maury y m\u00e1s","author":"ATOM COMICS","date":"28, agosto, 2017","format":false,"excerpt":"Un nuevo cap\u00edtulo de Altamente il\u00f3gico. Un podcast cuanto menos il\u00f3gico.","rel":"","context":"En \u00abPodcast\u00bb","block_context":{"text":"Podcast","link":"https:\/\/www.atomcomics.net\/blog\/category\/pod\/"},"img":{"alt_text":"","src":"https:\/\/i0.wp.com\/www.atomcomics.net\/blog\/wp-content\/uploads\/autasasinofilia-01-e1503913919665.jpg?fit=800%2C400&ssl=1&resize=350%2C200","width":350,"height":200,"srcset":"https:\/\/i0.wp.com\/www.atomcomics.net\/blog\/wp-content\/uploads\/autasasinofilia-01-e1503913919665.jpg?fit=800%2C400&ssl=1&resize=350%2C200 1x, https:\/\/i0.wp.com\/www.atomcomics.net\/blog\/wp-content\/uploads\/autasasinofilia-01-e1503913919665.jpg?fit=800%2C400&ssl=1&resize=525%2C300 1.5x, https:\/\/i0.wp.com\/www.atomcomics.net\/blog\/wp-content\/uploads\/autasasinofilia-01-e1503913919665.jpg?fit=800%2C400&ssl=1&resize=700%2C400 2x"},"classes":[]},{"id":9860,"url":"https:\/\/www.atomcomics.net\/blog\/2017\/07\/26\/podcast-grant-estas-castigado-y-la-busqueda-de-un-regalo\/","url_meta":{"origin":9882,"position":1},"title":"Podcast. Grant est\u00e1s castigado y la b\u00fasqueda de un regalo","author":"ATOM COMICS","date":"26, julio, 2017","format":false,"excerpt":"Nuevo cap\u00edtulo de Altamente Il\u00f3gico. En esta ocasi\u00f3n Javi Suxinsu busca lectura y tambi\u00e9n un regalo. Qu\u00e9 mejor que un nuevo paseo por la tienda para encontrar los objetos deseados. Altamente il\u00f3gico es un podcast sobre c\u00f3mic, lecturas y lo que salga. La charla\/paseo tuvo lugar el 21 de Julio\u2026","rel":"","context":"En \u00abPodcast\u00bb","block_context":{"text":"Podcast","link":"https:\/\/www.atomcomics.net\/blog\/category\/pod\/"},"img":{"alt_text":"","src":"https:\/\/i0.wp.com\/www.atomcomics.net\/blog\/wp-content\/uploads\/Grant-Morrison-by-Frank-quitely.jpg?fit=500%2C225&ssl=1&resize=350%2C200","width":350,"height":200},"classes":[]},{"id":10322,"url":"https:\/\/www.atomcomics.net\/blog\/2017\/10\/23\/altamente-ilogico-27-la-radio-da-miedo\/","url_meta":{"origin":9882,"position":2},"title":"Altamente Il\u00f3gico 27. La radio da miedo","author":"ATOM COMICS","date":"23, octubre, 2017","format":false,"excerpt":"Un nuevo paseo, ya van unos cuantos, por la tienda junto a Javi Suxinsu, Ana Rodr\u00edguez y la participaci\u00f3n estelar de Rafa Otero, que junto al librero hablar\u00e1n de de los que m\u00e1s nos gusta: Los c\u00f3mics. En este programa encontrar\u00e9is recomendaciones para todo tipo de lector y bolsillo. Y\u2026","rel":"","context":"En \u00abPodcast\u00bb","block_context":{"text":"Podcast","link":"https:\/\/www.atomcomics.net\/blog\/category\/pod\/"},"img":{"alt_text":"","src":"https:\/\/i0.wp.com\/www.atomcomics.net\/blog\/wp-content\/uploads\/NB15-Nguyen-logo-620x400-e1508754339101.jpg?fit=620%2C400&ssl=1&resize=350%2C200","width":350,"height":200,"srcset":"https:\/\/i0.wp.com\/www.atomcomics.net\/blog\/wp-content\/uploads\/NB15-Nguyen-logo-620x400-e1508754339101.jpg?fit=620%2C400&ssl=1&resize=350%2C200 1x, https:\/\/i0.wp.com\/www.atomcomics.net\/blog\/wp-content\/uploads\/NB15-Nguyen-logo-620x400-e1508754339101.jpg?fit=620%2C400&ssl=1&resize=525%2C300 1.5x"},"classes":[]},{"id":10504,"url":"https:\/\/www.atomcomics.net\/blog\/2017\/12\/13\/altamente-ilogico-28-regalos-comiqueros-o-no\/","url_meta":{"origin":9882,"position":3},"title":"Altamente Il\u00f3gico 28. Regalos comiqueros o no","author":"ATOM COMICS","date":"13, diciembre, 2017","format":false,"excerpt":"El tr\u00edo calavera: Ana Rodr\u00edguez, Javi Suxinsu y Dani \"El librero\" hablan de sus lecturas y recomiendan posibles regalos: -Phonogram -Klaus -El Misterio del Mundo Cu\u00e1ntico -La levedad ... y muchos otros c\u00f3mics Un nuevo cap\u00edtulo de Altamente il\u00f3gico. El podcast que sobrevivir\u00e1 en el futuro. Audio grabado el s\u00e1bado\u2026","rel":"","context":"En \u00abPodcast\u00bb","block_context":{"text":"Podcast","link":"https:\/\/www.atomcomics.net\/blog\/category\/pod\/"},"img":{"alt_text":"","src":"https:\/\/i0.wp.com\/www.atomcomics.net\/blog\/wp-content\/uploads\/Klaus-gets-a-surprise-e1513105498128.jpg?fit=800%2C450&ssl=1&resize=350%2C200","width":350,"height":200,"srcset":"https:\/\/i0.wp.com\/www.atomcomics.net\/blog\/wp-content\/uploads\/Klaus-gets-a-surprise-e1513105498128.jpg?fit=800%2C450&ssl=1&resize=350%2C200 1x, https:\/\/i0.wp.com\/www.atomcomics.net\/blog\/wp-content\/uploads\/Klaus-gets-a-surprise-e1513105498128.jpg?fit=800%2C450&ssl=1&resize=525%2C300 1.5x, https:\/\/i0.wp.com\/www.atomcomics.net\/blog\/wp-content\/uploads\/Klaus-gets-a-surprise-e1513105498128.jpg?fit=800%2C450&ssl=1&resize=700%2C400 2x"},"classes":[]},{"id":5894,"url":"https:\/\/www.atomcomics.net\/blog\/2013\/08\/01\/podcast-6-altamente-ilogico-entrevista-a-pedro-angosto-cap-1\/","url_meta":{"origin":9882,"position":4},"title":"Podcast #6. Altamente Il\u00f3gico: Entrevista a Pedro Angosto Cap.1","author":"ATOM COMICS","date":"1, agosto, 2013","format":false,"excerpt":"Nuevo cap\u00edtulo de Altamente Il\u00f3gico\u00a0 y nueva entrevista. En este cap\u00edtulo tenemos la primera parte (de dos) de la entrevista a Pedro Angosto donde nos presenta Men of Bronze Studios. Como es normal acabamos hablando de muchas otras cosas relacionadas con el c\u00f3mic: pel\u00edculas de superh\u00e9roes, Marvel y DC, Dan\u2026","rel":"","context":"En \u00abNovedades\u00bb","block_context":{"text":"Novedades","link":"https:\/\/www.atomcomics.net\/blog\/category\/novedades\/"},"img":{"alt_text":"angosto01","src":"https:\/\/i0.wp.com\/www.atomcomics.net\/wp-content\/uploads\/angosto01.jpg?resize=350%2C200","width":350,"height":200},"classes":[]},{"id":11169,"url":"https:\/\/www.atomcomics.net\/blog\/2018\/07\/23\/altamente-ilogico-31-en-la-cama-con-la-pantoja-en-el-madcool-leyendo-tebeos-de-verano\/","url_meta":{"origin":9882,"position":5},"title":"Altamente Il\u00f3gico 31. En la cama con la Pantoja en el Madcool leyendo tebeos de verano","author":"ATOM COMICS","date":"23, julio, 2018","format":false,"excerpt":"Especial lecturas veraniegas y otras idas de pinza No lo ped\u00edais pero aqu\u00ed est\u00e1, un nuevo episodio del podcast m\u00e1s at\u00f3mico, Altamente Il\u00f3gico ha regresado. Y esta vez lo hace lo al aire libre: comienza la Era Open. Ana Rodr\u00edguez, Javi Suxinsu y Dani-el librero repasan la actualidad, el pasado,\u2026","rel":"","context":"En \u00abLecturas recomendadas\u00bb","block_context":{"text":"Lecturas recomendadas","link":"https:\/\/www.atomcomics.net\/blog\/category\/aca\/"},"img":{"alt_text":"","src":"https:\/\/i0.wp.com\/www.atomcomics.net\/blog\/wp-content\/uploads\/a82fae3d-3bd0-4a82-9651-11027815d15b-e1532193740847.jpg?fit=800%2C416&ssl=1&resize=350%2C200","width":350,"height":200,"srcset":"https:\/\/i0.wp.com\/www.atomcomics.net\/blog\/wp-content\/uploads\/a82fae3d-3bd0-4a82-9651-11027815d15b-e1532193740847.jpg?fit=800%2C416&ssl=1&resize=350%2C200 1x, https:\/\/i0.wp.com\/www.atomcomics.net\/blog\/wp-content\/uploads\/a82fae3d-3bd0-4a82-9651-11027815d15b-e1532193740847.jpg?fit=800%2C416&ssl=1&resize=525%2C300 1.5x, https:\/\/i0.wp.com\/www.atomcomics.net\/blog\/wp-content\/uploads\/a82fae3d-3bd0-4a82-9651-11027815d15b-e1532193740847.jpg?fit=800%2C416&ssl=1&resize=700%2C400 2x"},"classes":[]}],"jetpack_sharing_enabled":true,"_links":{"self":[{"href":"https:\/\/www.atomcomics.net\/blog\/wp-json\/wp\/v2\/posts\/9882","targetHints":{"allow":["GET"]}}],"collection":[{"href":"https:\/\/www.atomcomics.net\/blog\/wp-json\/wp\/v2\/posts"}],"about":[{"href":"https:\/\/www.atomcomics.net\/blog\/wp-json\/wp\/v2\/types\/post"}],"author":[{"embeddable":true,"href":"https:\/\/www.atomcomics.net\/blog\/wp-json\/wp\/v2\/users\/1"}],"replies":[{"embeddable":true,"href":"https:\/\/www.atomcomics.net\/blog\/wp-json\/wp\/v2\/comments?post=9882"}],"version-history":[{"count":1,"href":"https:\/\/www.atomcomics.net\/blog\/wp-json\/wp\/v2\/posts\/9882\/revisions"}],"predecessor-version":[{"id":9883,"href":"https:\/\/www.atomcomics.net\/blog\/wp-json\/wp\/v2\/posts\/9882\/revisions\/9883"}],"wp:featuredmedia":[{"embeddable":true,"href":"https:\/\/www.atomcomics.net\/blog\/wp-json\/wp\/v2\/media\/9890"}],"wp:attachment":[{"href":"https:\/\/www.atomcomics.net\/blog\/wp-json\/wp\/v2\/media?parent=9882"}],"wp:term":[{"taxonomy":"category","embeddable":true,"href":"https:\/\/www.atomcomics.net\/blog\/wp-json\/wp\/v2\/categories?post=9882"},{"taxonomy":"post_tag","embeddable":true,"href":"https:\/\/www.atomcomics.net\/blog\/wp-json\/wp\/v2\/tags?post=9882"}],"curies":[{"name":"wp","href":"https:\/\/api.w.org\/{rel}","templated":true}]}}