{"id":9884,"date":"2017-08-05T13:00:32","date_gmt":"2017-08-05T11:00:32","guid":{"rendered":"http:\/\/www.atomcomics.net\/?p=9884"},"modified":"2017-08-22T17:23:53","modified_gmt":"2017-08-22T15:23:53","slug":"cerrado-por-vacaciones","status":"publish","type":"post","link":"https:\/\/www.atomcomics.net\/blog\/2017\/08\/05\/cerrado-por-vacaciones\/","title":{"rendered":"Cerrado por vacaciones"},"content":{"rendered":"<p>Nos vamos de vacaciones.<\/p>\n<p><strong>Atom C\u00f3mics<\/strong>\u00a0permanecer\u00e1\u00a0<strong>cerrado del 6 al 22 de Agosto.<\/strong><br \/>\n<strong>Atom Goya<\/strong>\u00a0permanecer\u00e1\u00a0<strong>cerrado del 6 al 27 de Agosto<\/strong>.<\/p>\n<p>Ademas, el\u00a0<u>s\u00e1bado 5 de Agosto s\u00f3lo haremos horario de ma\u00f1ana<\/u>.<\/p>\n<p><img data-recalc-dims=\"1\" loading=\"lazy\" decoding=\"async\" data-attachment-id=\"9885\" data-permalink=\"https:\/\/www.atomcomics.net\/blog\/2017\/08\/05\/cerrado-por-vacaciones\/10-little-fauss-big-halsy-robert-redford-style-02\/\" data-orig-file=\"https:\/\/i0.wp.com\/www.atomcomics.net\/blog\/wp-content\/uploads\/10-little-fauss-big-halsy-robert-redford-style-02.jpg?fit=5315%2C3598&amp;ssl=1\" data-orig-size=\"5315,3598\" data-comments-opened=\"0\" data-image-meta=\"{&quot;aperture&quot;:&quot;0&quot;,&quot;credit&quot;:&quot;&quot;,&quot;camera&quot;:&quot;&quot;,&quot;caption&quot;:&quot;&quot;,&quot;created_timestamp&quot;:&quot;0&quot;,&quot;copyright&quot;:&quot;&quot;,&quot;focal_length&quot;:&quot;0&quot;,&quot;iso&quot;:&quot;0&quot;,&quot;shutter_speed&quot;:&quot;0&quot;,&quot;title&quot;:&quot;&quot;,&quot;orientation&quot;:&quot;0&quot;}\" data-image-title=\"10-little-fauss-big-halsy-robert-redford-style-02\" data-image-description=\"\" data-image-caption=\"\" data-medium-file=\"https:\/\/i0.wp.com\/www.atomcomics.net\/blog\/wp-content\/uploads\/10-little-fauss-big-halsy-robert-redford-style-02.jpg?fit=744%2C504&amp;ssl=1\" data-large-file=\"https:\/\/i0.wp.com\/www.atomcomics.net\/blog\/wp-content\/uploads\/10-little-fauss-big-halsy-robert-redford-style-02.jpg?fit=1200%2C812&amp;ssl=1\" class=\"alignnone size-medium wp-image-9885\" src=\"https:\/\/i0.wp.com\/www.atomcomics.net\/wp-content\/uploads\/10-little-fauss-big-halsy-robert-redford-style-02-744x504.jpg?resize=744%2C504\" alt=\"\" width=\"744\" height=\"504\" srcset=\"https:\/\/i0.wp.com\/www.atomcomics.net\/blog\/wp-content\/uploads\/10-little-fauss-big-halsy-robert-redford-style-02.jpg?resize=744%2C504&amp;ssl=1 744w, https:\/\/i0.wp.com\/www.atomcomics.net\/blog\/wp-content\/uploads\/10-little-fauss-big-halsy-robert-redford-style-02.jpg?resize=420%2C284&amp;ssl=1 420w, https:\/\/i0.wp.com\/www.atomcomics.net\/blog\/wp-content\/uploads\/10-little-fauss-big-halsy-robert-redford-style-02.jpg?resize=768%2C520&amp;ssl=1 768w, https:\/\/i0.wp.com\/www.atomcomics.net\/blog\/wp-content\/uploads\/10-little-fauss-big-halsy-robert-redford-style-02.jpg?resize=1200%2C812&amp;ssl=1 1200w, https:\/\/i0.wp.com\/www.atomcomics.net\/blog\/wp-content\/uploads\/10-little-fauss-big-halsy-robert-redford-style-02.jpg?w=2000&amp;ssl=1 2000w, https:\/\/i0.wp.com\/www.atomcomics.net\/blog\/wp-content\/uploads\/10-little-fauss-big-halsy-robert-redford-style-02.jpg?w=3000&amp;ssl=1 3000w\" sizes=\"auto, (max-width: 744px) 100vw, 744px\" \/><\/p>\n<p style=\"text-align: center;\"><em>Siempre con estilo<\/em><\/p>\n","protected":false},"excerpt":{"rendered":"<p>Nos vamos de vacaciones. Atom C\u00f3mics\u00a0permanecer\u00e1\u00a0cerrado del 6 al 22 de Agosto. Atom Goya\u00a0permanecer\u00e1\u00a0cerrado del 6 al 27 de Agosto. Ademas, el\u00a0s\u00e1bado 5 de Agosto s\u00f3lo haremos horario de ma\u00f1ana. Siempre con estilo<\/p>\n","protected":false},"author":1,"featured_media":9885,"comment_status":"closed","ping_status":"open","sticky":false,"template":"","format":"standard","meta":{"jetpack_post_was_ever_published":false,"_jetpack_newsletter_access":"","_jetpack_dont_email_post_to_subs":false,"_jetpack_newsletter_tier_id":0,"_jetpack_memberships_contains_paywalled_content":false,"_jetpack_memberships_contains_paid_content":false,"footnotes":"","jetpack_publicize_message":"","jetpack_publicize_feature_enabled":true,"jetpack_social_post_already_shared":true,"jetpack_social_options":{"image_generator_settings":{"template":"highway","default_image_id":0,"font":"","enabled":false},"version":2}},"categories":[6,1],"tags":[],"class_list":["post-9884","post","type-post","status-publish","format-standard","has-post-thumbnail","hentry","category-noticias","category-uncategorized"],"jetpack_publicize_connections":[],"jetpack_featured_media_url":"https:\/\/i0.wp.com\/www.atomcomics.net\/blog\/wp-content\/uploads\/10-little-fauss-big-halsy-robert-redford-style-02.jpg?fit=5315%2C3598&ssl=1","jetpack_shortlink":"https:\/\/wp.me\/p53Ua-2zq","jetpack-related-posts":[{"id":9063,"url":"https:\/\/www.atomcomics.net\/blog\/2016\/08\/12\/vacaciones-en-atom\/","url_meta":{"origin":9884,"position":0},"title":"Vacaciones en Atom","author":"ATOM COMICS","date":"12, agosto, 2016","format":false,"excerpt":"Nos vamos de vacaciones, unos gritar\u00e1n \"por fin\" otros \"no es posible\", pero s\u00ed, el resultado es el mismo: NOS VAMOS DE VACACIONES. Atom C\u00f3mics permanecer\u00e1\u00a0cerrado del 14 al 23 de Agosto. Nos vamos a descansar, que el siguiente curso lectivo viene fuerte.Capit\u00e1n de la flota estelar aprovechando las vacaciones\u00a0para\u2026","rel":"","context":"Entrada similar","block_context":{"text":"Entrada similar","link":""},"img":{"alt_text":"Patrick-Stewart-as-Captain-Jean-Luc-Picard-on-Risa-Captains-Holiday-Star-Trek-The-Next-Generation","src":"https:\/\/i0.wp.com\/www.atomcomics.net\/wp-content\/uploads\/Patrick-Stewart-as-Captain-Jean-Luc-Picard-on-Risa-Captains-Holiday-Star-Trek-The-Next-Generation-420x315.png?resize=350%2C200","width":350,"height":200},"classes":[]},{"id":8072,"url":"https:\/\/www.atomcomics.net\/blog\/2015\/08\/14\/vacaciones-atomicas\/","url_meta":{"origin":9884,"position":1},"title":"Vacaciones at\u00f3micas","author":"ATOM COMICS","date":"14, agosto, 2015","format":false,"excerpt":"\u00a1\u00a1Nos vamos de VACACIONES!! Atom C\u00f3mics permanecer\u00e1 cerrado desde el s\u00e1bado d\u00eda 15 hasta el martes 25 de Agosto* Volveremos con energ\u00edas renovadas, o eso esperamos. *Nuestros planes pueden surgir modificaciones porque somos impredecibles, os informaremos en tal caso. Tranquilos, la novedad que salga en los d\u00edas de asueto la\u2026","rel":"","context":"Entrada similar","block_context":{"text":"Entrada similar","link":""},"img":{"alt_text":"in-your-face-jam-flipping-through-the-weirdly-subversive-marvel","src":"https:\/\/i0.wp.com\/www.atomcomics.net\/wp-content\/uploads\/in-your-face-jam-flipping-through-the-weirdly-subversive-marvel.jpg?resize=350%2C200","width":350,"height":200,"srcset":"https:\/\/i0.wp.com\/www.atomcomics.net\/wp-content\/uploads\/in-your-face-jam-flipping-through-the-weirdly-subversive-marvel.jpg?resize=350%2C200 1x, https:\/\/i0.wp.com\/www.atomcomics.net\/wp-content\/uploads\/in-your-face-jam-flipping-through-the-weirdly-subversive-marvel.jpg?resize=525%2C300 1.5x"},"classes":[]},{"id":1951,"url":"https:\/\/www.atomcomics.net\/blog\/2009\/08\/15\/cerrado-por-vacaciones-y-traslado\/","url_meta":{"origin":9884,"position":2},"title":"Cerrado por vacaciones y traslado","author":"ATOM COMICS","date":"15, agosto, 2009","format":false,"excerpt":"ATOM COMICS est\u00e1 de mudanza a su nueva direcci\u00f3n: Calle Feijoo 11 - 28010 MADRID Un nuevo espacio m\u00e1s grande y c\u00f3modo donde esperamos ofrecer un mejor servicio. Hasta nueva orden, tanto la web como la tienda f\u00edsica permanecer\u00e1 cerrada. Lamentamos las molestias que esto pueda ocasionar.","rel":"","context":"En \u00abNoticias\u00bb","block_context":{"text":"Noticias","link":"https:\/\/www.atomcomics.net\/blog\/category\/noticias\/"},"img":{"alt_text":"","src":"","width":0,"height":0},"classes":[]},{"id":14684,"url":"https:\/\/www.atomcomics.net\/blog\/2024\/07\/24\/agosto-en-atom-comics\/","url_meta":{"origin":9884,"position":3},"title":"Agosto en Atom C\u00f3mics","author":"ATOM COMICS","date":"24, julio, 2024","format":false,"excerpt":"Agosto en Atom C\u00f3mics Todos los lunes de agosto permaneceremos cerrados. M-V 10:30-14h+18-21h. S 11-14:30h* + 18-21h - *Fuencarral s\u00f3lo abrir\u00e1 los s\u00e1bados por la ma\u00f1ana. Del 12 al 26 Atom C\u00f3mics Fuencarral permanecer\u00e1 cerrado. Atom C\u00f3mics Luna abierto todo el mes de agosto.","rel":"","context":"En \u00abNoticias\u00bb","block_context":{"text":"Noticias","link":"https:\/\/www.atomcomics.net\/blog\/category\/noticias\/"},"img":{"alt_text":"","src":"https:\/\/i0.wp.com\/www.atomcomics.net\/blog\/wp-content\/uploads\/cruel.png?fit=778%2C431&ssl=1&resize=350%2C200","width":350,"height":200,"srcset":"https:\/\/i0.wp.com\/www.atomcomics.net\/blog\/wp-content\/uploads\/cruel.png?fit=778%2C431&ssl=1&resize=350%2C200 1x, https:\/\/i0.wp.com\/www.atomcomics.net\/blog\/wp-content\/uploads\/cruel.png?fit=778%2C431&ssl=1&resize=525%2C300 1.5x, https:\/\/i0.wp.com\/www.atomcomics.net\/blog\/wp-content\/uploads\/cruel.png?fit=778%2C431&ssl=1&resize=700%2C400 2x"},"classes":[]},{"id":14443,"url":"https:\/\/www.atomcomics.net\/blog\/2023\/07\/24\/horario-en-agosto-y-vacaciones\/","url_meta":{"origin":9884,"position":4},"title":"Horario en agosto y \u00abvacaciones\u00bb","author":"ATOM COMICS","date":"24, julio, 2023","format":false,"excerpt":"En agosto cambiamos de horario: Lunes a s\u00e1bado de 11h a 14h + 18h a 21h Atom C\u00f3mics c\/Fuencarral 134 cerrado del 7 al 27 de agosto Atom C\u00f3mics c\/Luna 16 cerrados d\u00edas 14 y 15 de agosto Cuidado con los calores... y los tiburones.","rel":"","context":"En \u00abNoticias\u00bb","block_context":{"text":"Noticias","link":"https:\/\/www.atomcomics.net\/blog\/category\/noticias\/"},"img":{"alt_text":"","src":"https:\/\/i0.wp.com\/www.atomcomics.net\/blog\/wp-content\/uploads\/banner.png?fit=899%2C408&ssl=1&resize=350%2C200","width":350,"height":200,"srcset":"https:\/\/i0.wp.com\/www.atomcomics.net\/blog\/wp-content\/uploads\/banner.png?fit=899%2C408&ssl=1&resize=350%2C200 1x, https:\/\/i0.wp.com\/www.atomcomics.net\/blog\/wp-content\/uploads\/banner.png?fit=899%2C408&ssl=1&resize=525%2C300 1.5x, https:\/\/i0.wp.com\/www.atomcomics.net\/blog\/wp-content\/uploads\/banner.png?fit=899%2C408&ssl=1&resize=700%2C400 2x"},"classes":[]},{"id":2586,"url":"https:\/\/www.atomcomics.net\/blog\/2010\/08\/06\/vacaciones-atom-comics\/","url_meta":{"origin":9884,"position":5},"title":"Vacaciones ATOM COMICS","author":"ATOM COMICS","date":"6, agosto, 2010","format":false,"excerpt":"Hola, Os informamos que ATOM COMICS permanecer\u00e1 cerrada del d\u00eda 8 al 22 de Agosto.","rel":"","context":"Con 1 comentario","block_context":{"text":"Con 1 comentario","link":"https:\/\/www.atomcomics.net\/blog\/2010\/08\/06\/vacaciones-atom-comics\/#comments"},"img":{"alt_text":"","src":"","width":0,"height":0},"classes":[]}],"jetpack_sharing_enabled":true,"_links":{"self":[{"href":"https:\/\/www.atomcomics.net\/blog\/wp-json\/wp\/v2\/posts\/9884","targetHints":{"allow":["GET"]}}],"collection":[{"href":"https:\/\/www.atomcomics.net\/blog\/wp-json\/wp\/v2\/posts"}],"about":[{"href":"https:\/\/www.atomcomics.net\/blog\/wp-json\/wp\/v2\/types\/post"}],"author":[{"embeddable":true,"href":"https:\/\/www.atomcomics.net\/blog\/wp-json\/wp\/v2\/users\/1"}],"replies":[{"embeddable":true,"href":"https:\/\/www.atomcomics.net\/blog\/wp-json\/wp\/v2\/comments?post=9884"}],"version-history":[{"count":2,"href":"https:\/\/www.atomcomics.net\/blog\/wp-json\/wp\/v2\/posts\/9884\/revisions"}],"predecessor-version":[{"id":9887,"href":"https:\/\/www.atomcomics.net\/blog\/wp-json\/wp\/v2\/posts\/9884\/revisions\/9887"}],"wp:featuredmedia":[{"embeddable":true,"href":"https:\/\/www.atomcomics.net\/blog\/wp-json\/wp\/v2\/media\/9885"}],"wp:attachment":[{"href":"https:\/\/www.atomcomics.net\/blog\/wp-json\/wp\/v2\/media?parent=9884"}],"wp:term":[{"taxonomy":"category","embeddable":true,"href":"https:\/\/www.atomcomics.net\/blog\/wp-json\/wp\/v2\/categories?post=9884"},{"taxonomy":"post_tag","embeddable":true,"href":"https:\/\/www.atomcomics.net\/blog\/wp-json\/wp\/v2\/tags?post=9884"}],"curies":[{"name":"wp","href":"https:\/\/api.w.org\/{rel}","templated":true}]}}