{"id":9971,"date":"2017-08-21T13:01:23","date_gmt":"2017-08-21T11:01:23","guid":{"rendered":"http:\/\/www.atomcomics.net\/?p=9971"},"modified":"2017-08-22T17:24:02","modified_gmt":"2017-08-22T15:24:02","slug":"atom-bilbao-ha-vuelto","status":"publish","type":"post","link":"https:\/\/www.atomcomics.net\/blog\/2017\/08\/21\/atom-bilbao-ha-vuelto\/","title":{"rendered":"Atom Bilbao ha vuelto"},"content":{"rendered":"<p>\u00a1Hemos vuelto! Bueno, parcialmente. Atom C\u00f3mics Bilbao (c\/ Fuencarral 134) est\u00e1 a pleno funcionamiento.<\/p>\n<p>Venid a vernos y hablamos de lecturas, novedades, vacaciones, libros&#8230;<\/p>\n<p><img data-recalc-dims=\"1\" loading=\"lazy\" decoding=\"async\" data-attachment-id=\"9972\" data-permalink=\"https:\/\/www.atomcomics.net\/blog\/2017\/08\/21\/atom-bilbao-ha-vuelto\/all_star_superman\/\" data-orig-file=\"https:\/\/i0.wp.com\/www.atomcomics.net\/blog\/wp-content\/uploads\/all_star_superman.jpg?fit=1024%2C768&amp;ssl=1\" data-orig-size=\"1024,768\" data-comments-opened=\"0\" data-image-meta=\"{&quot;aperture&quot;:&quot;0&quot;,&quot;credit&quot;:&quot;&quot;,&quot;camera&quot;:&quot;&quot;,&quot;caption&quot;:&quot;&quot;,&quot;created_timestamp&quot;:&quot;0&quot;,&quot;copyright&quot;:&quot;&quot;,&quot;focal_length&quot;:&quot;0&quot;,&quot;iso&quot;:&quot;0&quot;,&quot;shutter_speed&quot;:&quot;0&quot;,&quot;title&quot;:&quot;&quot;,&quot;orientation&quot;:&quot;1&quot;}\" data-image-title=\"all_star_superman\" data-image-description=\"\" data-image-caption=\"\" data-medium-file=\"https:\/\/i0.wp.com\/www.atomcomics.net\/blog\/wp-content\/uploads\/all_star_superman.jpg?fit=744%2C558&amp;ssl=1\" data-large-file=\"https:\/\/i0.wp.com\/www.atomcomics.net\/blog\/wp-content\/uploads\/all_star_superman.jpg?fit=1024%2C768&amp;ssl=1\" class=\"aligncenter size-thumbnail wp-image-9972\" src=\"https:\/\/i0.wp.com\/www.atomcomics.net\/wp-content\/uploads\/all_star_superman-420x315.jpg?resize=420%2C315\" alt=\"\" width=\"420\" height=\"315\" srcset=\"https:\/\/i0.wp.com\/www.atomcomics.net\/blog\/wp-content\/uploads\/all_star_superman.jpg?resize=420%2C315&amp;ssl=1 420w, https:\/\/i0.wp.com\/www.atomcomics.net\/blog\/wp-content\/uploads\/all_star_superman.jpg?resize=744%2C558&amp;ssl=1 744w, https:\/\/i0.wp.com\/www.atomcomics.net\/blog\/wp-content\/uploads\/all_star_superman.jpg?resize=768%2C576&amp;ssl=1 768w, https:\/\/i0.wp.com\/www.atomcomics.net\/blog\/wp-content\/uploads\/all_star_superman.jpg?w=1024&amp;ssl=1 1024w\" sizes=\"auto, (max-width: 420px) 100vw, 420px\" \/><\/p>\n<p style=\"text-align: center;\"><em>Tan a gusto&#8230;<\/em><\/p>\n","protected":false},"excerpt":{"rendered":"<p>\u00a1Hemos vuelto! Bueno, parcialmente. Atom C\u00f3mics Bilbao (c\/ Fuencarral 134) est\u00e1 a pleno funcionamiento.<\/p>\n<p>Venid a vernos y hablamos de lecturas, novedades, vacaciones, libros&#8230; <a class=\"read-more-link\" href=\"https:\/\/www.atomcomics.net\/blog\/2017\/08\/21\/atom-bilbao-ha-vuelto\/\">(seguir leyendo)<\/a><\/p>\n","protected":false},"author":1,"featured_media":9972,"comment_status":"closed","ping_status":"open","sticky":false,"template":"","format":"standard","meta":{"jetpack_post_was_ever_published":false,"_jetpack_newsletter_access":"","_jetpack_dont_email_post_to_subs":false,"_jetpack_newsletter_tier_id":0,"_jetpack_memberships_contains_paywalled_content":false,"_jetpack_memberships_contains_paid_content":false,"footnotes":"","jetpack_publicize_message":"","jetpack_publicize_feature_enabled":true,"jetpack_social_post_already_shared":true,"jetpack_social_options":{"image_generator_settings":{"template":"highway","default_image_id":0,"font":"","enabled":false},"version":2}},"categories":[6,1],"tags":[],"class_list":["post-9971","post","type-post","status-publish","format-standard","has-post-thumbnail","hentry","category-noticias","category-uncategorized"],"jetpack_publicize_connections":[],"jetpack_featured_media_url":"https:\/\/i0.wp.com\/www.atomcomics.net\/blog\/wp-content\/uploads\/all_star_superman.jpg?fit=1024%2C768&ssl=1","jetpack_shortlink":"https:\/\/wp.me\/p53Ua-2AP","jetpack-related-posts":[{"id":13504,"url":"https:\/\/www.atomcomics.net\/blog\/2021\/08\/14\/vacaciones-atom-comics-2\/","url_meta":{"origin":9971,"position":0},"title":"Vacaciones Atom C\u00f3mics","author":"ATOM COMICS","date":"14, agosto, 2021","format":false,"excerpt":"Ha llegado el momento del descanso total. Atom C\u00f3mics #Bilbao c\/Fuencarral 134 (entrada por Alburquerque) se marcha de vacaciones, bueno, los libreros son los que se marchan de vacaciones. La librer\u00eda permanecer\u00e1 cerrada desde el 15 de agosto hasta el 31 del mismo mes. Volveremos el d\u00eda 1 de septiembre.\u00a0\u2026","rel":"","context":"Entrada similar","block_context":{"text":"Entrada similar","link":""},"img":{"alt_text":"","src":"https:\/\/i0.wp.com\/www.atomcomics.net\/blog\/wp-content\/uploads\/imbattable-pascal-jousselin-journal-spirou-plage.png?fit=900%2C600&ssl=1&resize=350%2C200","width":350,"height":200,"srcset":"https:\/\/i0.wp.com\/www.atomcomics.net\/blog\/wp-content\/uploads\/imbattable-pascal-jousselin-journal-spirou-plage.png?fit=900%2C600&ssl=1&resize=350%2C200 1x, https:\/\/i0.wp.com\/www.atomcomics.net\/blog\/wp-content\/uploads\/imbattable-pascal-jousselin-journal-spirou-plage.png?fit=900%2C600&ssl=1&resize=525%2C300 1.5x, https:\/\/i0.wp.com\/www.atomcomics.net\/blog\/wp-content\/uploads\/imbattable-pascal-jousselin-journal-spirou-plage.png?fit=900%2C600&ssl=1&resize=700%2C400 2x"},"classes":[]},{"id":12098,"url":"https:\/\/www.atomcomics.net\/blog\/2019\/09\/09\/altamente-ilogico-35-hemos-vuelto\/","url_meta":{"origin":9971,"position":1},"title":"Altamente Il\u00f3gico 35. Hemos vuelto","author":"ATOM COMICS","date":"9, septiembre, 2019","format":false,"excerpt":"Hemos vuelto, tras un gran par\u00f3n, el tr\u00edo calavera ha regresado. Javi \"Suxinsu\", Ana Rodr\u00edguez y Dani \"El Librero\" charlan sobre lecturas que les han dejado un grato recuerdo. Si no sab\u00e9is qu\u00e9 leer o simplemente quer\u00e9is pasar un rato, este es vuestro programa. Altamente Il\u00f3gico es el programa de\u2026","rel":"","context":"En \u00abPodcast\u00bb","block_context":{"text":"Podcast","link":"https:\/\/www.atomcomics.net\/blog\/category\/pod\/"},"img":{"alt_text":"","src":"https:\/\/i0.wp.com\/www.atomcomics.net\/blog\/wp-content\/uploads\/IMG-20190430-WA0016.jpg?fit=1081%2C608&ssl=1&resize=350%2C200","width":350,"height":200,"srcset":"https:\/\/i0.wp.com\/www.atomcomics.net\/blog\/wp-content\/uploads\/IMG-20190430-WA0016.jpg?fit=1081%2C608&ssl=1&resize=350%2C200 1x, https:\/\/i0.wp.com\/www.atomcomics.net\/blog\/wp-content\/uploads\/IMG-20190430-WA0016.jpg?fit=1081%2C608&ssl=1&resize=525%2C300 1.5x, https:\/\/i0.wp.com\/www.atomcomics.net\/blog\/wp-content\/uploads\/IMG-20190430-WA0016.jpg?fit=1081%2C608&ssl=1&resize=700%2C400 2x, https:\/\/i0.wp.com\/www.atomcomics.net\/blog\/wp-content\/uploads\/IMG-20190430-WA0016.jpg?fit=1081%2C608&ssl=1&resize=1050%2C600 3x"},"classes":[]},{"id":13597,"url":"https:\/\/www.atomcomics.net\/blog\/2021\/10\/15\/presentacion-historias-del-espacio-exterior\/","url_meta":{"origin":9971,"position":2},"title":"Presentaci\u00f3n Historias del Espacio Exterior","author":"ATOM COMICS","date":"15, octubre, 2021","format":false,"excerpt":"Nos complace invitaros a la presentaci\u00f3n del libro Historias del Espacio Exterior que tendr\u00e1 lugar en Atom Comics #Bilbao (c\/ Fuencarral 134 -entrada por Alburquerque-) el jueves 21 a las 19.00h. Para tal magno evento contaremos con la presencia del autor y genio prol\u00edfico de la obra: Pato Conde que\u2026","rel":"","context":"En \u00abNoticias\u00bb","block_context":{"text":"Noticias","link":"https:\/\/www.atomcomics.net\/blog\/category\/noticias\/"},"img":{"alt_text":"","src":"https:\/\/i0.wp.com\/www.atomcomics.net\/blog\/wp-content\/uploads\/b9ee5f6b-8395-4d10-8e55-6f3df8986142_source-aspect-ratio_default_0.jpg?fit=1200%2C576&ssl=1&resize=350%2C200","width":350,"height":200,"srcset":"https:\/\/i0.wp.com\/www.atomcomics.net\/blog\/wp-content\/uploads\/b9ee5f6b-8395-4d10-8e55-6f3df8986142_source-aspect-ratio_default_0.jpg?fit=1200%2C576&ssl=1&resize=350%2C200 1x, https:\/\/i0.wp.com\/www.atomcomics.net\/blog\/wp-content\/uploads\/b9ee5f6b-8395-4d10-8e55-6f3df8986142_source-aspect-ratio_default_0.jpg?fit=1200%2C576&ssl=1&resize=525%2C300 1.5x, https:\/\/i0.wp.com\/www.atomcomics.net\/blog\/wp-content\/uploads\/b9ee5f6b-8395-4d10-8e55-6f3df8986142_source-aspect-ratio_default_0.jpg?fit=1200%2C576&ssl=1&resize=700%2C400 2x, https:\/\/i0.wp.com\/www.atomcomics.net\/blog\/wp-content\/uploads\/b9ee5f6b-8395-4d10-8e55-6f3df8986142_source-aspect-ratio_default_0.jpg?fit=1200%2C576&ssl=1&resize=1050%2C600 3x"},"classes":[]},{"id":11707,"url":"https:\/\/www.atomcomics.net\/blog\/2019\/03\/13\/sabado-30-firma-fernando-dagnino\/","url_meta":{"origin":9971,"position":3},"title":"S\u00e1bado 30 firma Fernando Dagnino","author":"ATOM COMICS","date":"13, marzo, 2019","format":false,"excerpt":"Fernando Dagnino firmar\u00e1 su nueva obra Smart Girl el s\u00e1bado 30 de marzo de 12.00 a 14.00h. \u00bfOs lo vais a perder? Pues por si acaso os lo repetimos: Fernando Dagnino\u00a0 S\u00e1bado 30 de marzo, de 12.00 a 14.00h en Atom C\u00f3mics (Bilbao) c\/ Fuencarral 134 (entrada por Alburquerque) -\u2026","rel":"","context":"En \u00abNoticias\u00bb","block_context":{"text":"Noticias","link":"https:\/\/www.atomcomics.net\/blog\/category\/noticias\/"},"img":{"alt_text":"","src":"https:\/\/i0.wp.com\/www.atomcomics.net\/blog\/wp-content\/uploads\/DpvaAuCU8AAtt2p-e1552481852330.jpg?fit=801%2C450&ssl=1&resize=350%2C200","width":350,"height":200,"srcset":"https:\/\/i0.wp.com\/www.atomcomics.net\/blog\/wp-content\/uploads\/DpvaAuCU8AAtt2p-e1552481852330.jpg?fit=801%2C450&ssl=1&resize=350%2C200 1x, https:\/\/i0.wp.com\/www.atomcomics.net\/blog\/wp-content\/uploads\/DpvaAuCU8AAtt2p-e1552481852330.jpg?fit=801%2C450&ssl=1&resize=525%2C300 1.5x, https:\/\/i0.wp.com\/www.atomcomics.net\/blog\/wp-content\/uploads\/DpvaAuCU8AAtt2p-e1552481852330.jpg?fit=801%2C450&ssl=1&resize=700%2C400 2x"},"classes":[]},{"id":6134,"url":"https:\/\/www.atomcomics.net\/blog\/2013\/11\/23\/ya-hemos-abierto\/","url_meta":{"origin":9971,"position":4},"title":"\u00a1\u00a1\u00a1Ya hemos abierto!!!","author":"ATOM COMICS","date":"23, noviembre, 2013","format":false,"excerpt":"\u00a1Hemos vuelto! Ya estamos abiertos en c\/ Fuencarral 134 (entrada por calle Alburquerque). Nuff said!","rel":"","context":"En \u00abNoticias\u00bb","block_context":{"text":"Noticias","link":"https:\/\/www.atomcomics.net\/blog\/category\/noticias\/"},"img":{"alt_text":"","src":"","width":0,"height":0},"classes":[]},{"id":13806,"url":"https:\/\/www.atomcomics.net\/blog\/2022\/02\/03\/encuentro-con-isaac-sanchez\/","url_meta":{"origin":9971,"position":5},"title":"Encuentro con Isaac S\u00e1nchez","author":"ATOM COMICS","date":"3, febrero, 2022","format":false,"excerpt":"Lo prometido es deuda, as\u00ed que tendremos a Isaac S\u00e1nchez firmando y hablando con vosotros el s\u00e1bado 5 de febrero a las 19h en Atom C\u00f3mics (Bilbao) c\/ Fuencarral 134 (entrada por Alburquerque). \u00bfOs lo vais a perder?","rel":"","context":"En \u00abNoticias\u00bb","block_context":{"text":"Noticias","link":"https:\/\/www.atomcomics.net\/blog\/category\/noticias\/"},"img":{"alt_text":"","src":"https:\/\/i0.wp.com\/www.atomcomics.net\/blog\/wp-content\/uploads\/promo2.jpg?fit=1000%2C969&ssl=1&resize=350%2C200","width":350,"height":200,"srcset":"https:\/\/i0.wp.com\/www.atomcomics.net\/blog\/wp-content\/uploads\/promo2.jpg?fit=1000%2C969&ssl=1&resize=350%2C200 1x, https:\/\/i0.wp.com\/www.atomcomics.net\/blog\/wp-content\/uploads\/promo2.jpg?fit=1000%2C969&ssl=1&resize=525%2C300 1.5x, https:\/\/i0.wp.com\/www.atomcomics.net\/blog\/wp-content\/uploads\/promo2.jpg?fit=1000%2C969&ssl=1&resize=700%2C400 2x"},"classes":[]}],"jetpack_sharing_enabled":true,"_links":{"self":[{"href":"https:\/\/www.atomcomics.net\/blog\/wp-json\/wp\/v2\/posts\/9971","targetHints":{"allow":["GET"]}}],"collection":[{"href":"https:\/\/www.atomcomics.net\/blog\/wp-json\/wp\/v2\/posts"}],"about":[{"href":"https:\/\/www.atomcomics.net\/blog\/wp-json\/wp\/v2\/types\/post"}],"author":[{"embeddable":true,"href":"https:\/\/www.atomcomics.net\/blog\/wp-json\/wp\/v2\/users\/1"}],"replies":[{"embeddable":true,"href":"https:\/\/www.atomcomics.net\/blog\/wp-json\/wp\/v2\/comments?post=9971"}],"version-history":[{"count":3,"href":"https:\/\/www.atomcomics.net\/blog\/wp-json\/wp\/v2\/posts\/9971\/revisions"}],"predecessor-version":[{"id":9976,"href":"https:\/\/www.atomcomics.net\/blog\/wp-json\/wp\/v2\/posts\/9971\/revisions\/9976"}],"wp:featuredmedia":[{"embeddable":true,"href":"https:\/\/www.atomcomics.net\/blog\/wp-json\/wp\/v2\/media\/9972"}],"wp:attachment":[{"href":"https:\/\/www.atomcomics.net\/blog\/wp-json\/wp\/v2\/media?parent=9971"}],"wp:term":[{"taxonomy":"category","embeddable":true,"href":"https:\/\/www.atomcomics.net\/blog\/wp-json\/wp\/v2\/categories?post=9971"},{"taxonomy":"post_tag","embeddable":true,"href":"https:\/\/www.atomcomics.net\/blog\/wp-json\/wp\/v2\/tags?post=9971"}],"curies":[{"name":"wp","href":"https:\/\/api.w.org\/{rel}","templated":true}]}}